{"id":512264,"date":"2017-12-16T08:28:17","date_gmt":"2017-12-16T14:28:17","guid":{"rendered":"https:\/\/www.futboltotal.com.mx\/?p=512264"},"modified":"2017-12-16T08:28:17","modified_gmt":"2017-12-16T14:28:17","slug":"racing-avellaneda-suena-2-liga-mx-banquillo","status":"publish","type":"post","link":"http:\/\/desarrollo.grupomedios.com\/futbol\/futbol-mexicano\/racing-avellaneda-suena-2-liga-mx-banquillo\/2017\/12","title":{"rendered":"Racing de Avellaneda sue\u00f1a con 2 Liga MX para su banquillo"},"content":{"rendered":"<p><strong>POR: STAFF FT<\/strong><\/p>\n<p>Luego de las salida de<strong> Diego Cocca<\/strong> precisamente para el futbol mexicano con <strong>Xolos de Tijuana<\/strong>, el cuadro de <strong>Racing de Avellaneda<\/strong> est\u00e1 en al b\u00fasqueda de un nuevo timonel, todo parec\u00eda indicar que <strong>Eduardo Coudet<\/strong> ser\u00eda el sucesor, sin embargo un inter\u00e9s de<strong> Independiente de Medell\u00edn<\/strong> ha puesto a dudar al argentino.<\/p>\n<p style=\"text-align: center;\"><a href=\"https:\/\/www.futboltotal.com.mx\/futbol-mexicano\/liga-mx\/wesley-sneijder-seria-fichaje-bomba-de-queretaro\/2017\/12\" target=\"_blank\" rel=\"noopener\">VER M\u00c1S: Wesley Sneijder ser\u00eda el fichaje bomba de Quer\u00e9taro<\/a><\/p>\n<p>Ahora entre la agenda y los nombres que suenan para llegar al banquillo del equipo argentino son dos de la<strong> Liga MX<\/strong>, el primero de ellos y que parece poco posible es el de<strong> Mat\u00edas Almeyda<\/strong>, de acuerdo a varios medios argentinos, <strong>Diego Milito<\/strong>, jugador y estandarte del club habr\u00eda pedido que el actual estratega de <strong>Chivas<\/strong> fuera quien llegara al banquillo, sin embargo el &#8216;Pelado&#8217; tiene contrato por cuatro a\u00f1os m\u00e1s con el<strong> Reba\u00f1o<\/strong> y su salida se ve muy poco probable.<\/p>\n<p>El otro nombre que suena fuerte es el de<strong> Diego Alonso<\/strong>, actual estratega de <strong>Tuzos de Pachuca<\/strong> y aunque esta idea no podr\u00eda parecer descabellada, el estratega uruguayo ha manifestado en \u00faltimos d\u00edas para la Cadena SER que su deseo principal es poder dirigir en el<strong> futbol de Espa\u00f1a<\/strong>, por lo que no parece que en su futuro inmediato est\u00e9 pensando en dirigir en Argentina.<\/p>\n<p style=\"text-align: center;\"><a href=\"https:\/\/www.futboltotal.com.mx\/futbol-mexicano\/liga-mx\/marcelo-gallardo-pidio-a-lucas-zelarayan-river-plate\/2017\/12\" target=\"_blank\" rel=\"noopener\">VER M\u00c1S: River Plate pide a Lucas Zelaray\u00e1n<\/a><\/p>\n","protected":false},"excerpt":{"rendered":"<p>Ambos estrategas declinar\u00edan el posible inter\u00e9s del cuadro argentino<\/p>\n","protected":false},"author":159,"featured_media":508566,"comment_status":"closed","ping_status":"closed","sticky":false,"template":"","format":"standard","meta":[],"categories":[2198,3845],"tags":[8589,64,1420,8383],"_links":{"self":[{"href":"http:\/\/desarrollo.grupomedios.com\/futbol\/wp-json\/wp\/v2\/posts\/512264"}],"collection":[{"href":"http:\/\/desarrollo.grupomedios.com\/futbol\/wp-json\/wp\/v2\/posts"}],"about":[{"href":"http:\/\/desarrollo.grupomedios.com\/futbol\/wp-json\/wp\/v2\/types\/post"}],"author":[{"embeddable":true,"href":"http:\/\/desarrollo.grupomedios.com\/futbol\/wp-json\/wp\/v2\/users\/159"}],"replies":[{"embeddable":true,"href":"http:\/\/desarrollo.grupomedios.com\/futbol\/wp-json\/wp\/v2\/comments?post=512264"}],"version-history":[{"count":1,"href":"http:\/\/desarrollo.grupomedios.com\/futbol\/wp-json\/wp\/v2\/posts\/512264\/revisions"}],"predecessor-version":[{"id":512265,"href":"http:\/\/desarrollo.grupomedios.com\/futbol\/wp-json\/wp\/v2\/posts\/512264\/revisions\/512265"}],"wp:featuredmedia":[{"embeddable":true,"href":"http:\/\/desarrollo.grupomedios.com\/futbol\/wp-json\/wp\/v2\/media\/508566"}],"wp:attachment":[{"href":"http:\/\/desarrollo.grupomedios.com\/futbol\/wp-json\/wp\/v2\/media?parent=512264"}],"wp:term":[{"taxonomy":"category","embeddable":true,"href":"http:\/\/desarrollo.grupomedios.com\/futbol\/wp-json\/wp\/v2\/categories?post=512264"},{"taxonomy":"post_tag","embeddable":true,"href":"http:\/\/desarrollo.grupomedios.com\/futbol\/wp-json\/wp\/v2\/tags?post=512264"}],"curies":[{"name":"wp","href":"https:\/\/api.w.org\/{rel}","templated":true}]}}