{"id":512269,"date":"2017-12-16T10:31:57","date_gmt":"2017-12-16T16:31:57","guid":{"rendered":"https:\/\/www.futboltotal.com.mx\/?p=512269"},"modified":"2017-12-16T10:31:57","modified_gmt":"2017-12-16T16:31:57","slug":"america-descarta-la-llegada-estos-3-refuerzos","status":"publish","type":"post","link":"http:\/\/desarrollo.grupomedios.com\/futbol\/futbol-mexicano\/america-descarta-la-llegada-estos-3-refuerzos\/2017\/12","title":{"rendered":"Am\u00e9rica descarta la llegada de estos 3 refuerzos"},"content":{"rendered":"<p><strong>POR: STAFF FT<\/strong><\/p>\n<p>Luego que el Draft de cara al <strong>Clausura 2018<\/strong> se le complicara a las <strong>\u00c1guilas del Am\u00e9rica<\/strong> se sabe que est\u00e1n en busca de refuerzos para apuntalar su plantilla, sin embargo han salido muchos nombres alrededor del conjunto de Coapa, varios de ellos han sido desmentidos por los azulcremas.<\/p>\n<p>De acuerdo a diario r\u00e9cord son tres nombres que han sido descartados por una sencilla raz\u00f3n; no est\u00e1n al alcance econ\u00f3mico de las \u00c1guilas en estos momentos, por lo que no podr\u00e1n ser plantel del plantel que encarar\u00e1 el pr\u00f3ximo torneo.<\/p>\n<p style=\"text-align: center;\"><a href=\"https:\/\/www.futboltotal.com.mx\/futbol-mexicano\/liga-mx\/wesley-sneijder-seria-fichaje-bomba-de-queretaro\/2017\/12\" target=\"_blank\" rel=\"noopener\">VER M\u00c1S: Wesley Sneijder ser\u00eda fichaje bomba de Quer\u00e9taro<\/a><\/p>\n<p>Los dos ex americanistas que hoy militan en el futbol de Portuga<strong>l Miguel Lay\u00fan y Ra\u00fal Jim\u00e9nez<\/strong> no llegar\u00e1n al cuadro de Coapa, a pesar que no tienen minutos en sus equipos, aunado a que la gente de <strong>Selecci\u00f3n Mexicana<\/strong> ped\u00eda que buscaran nuevos horizontes para lograr actividad, sin embargo no llegaron a un acuerdo en las pretensiones econ\u00f3micas de ambos futbolistas.<\/p>\n<p>Por otro lado, el colombiano <strong>Jackson Mart\u00ednez<\/strong> es otro jugador que no est\u00e1 en posibilidad de fichar el cuadro azulcrema luego que el\u00a0<strong>Guangzhou Evergrande\u00a0<\/strong>de China lo comprara en 45 millones de euros, por lo que el arribo del ex Jaguares de Chiapas es pr\u00e1cticamente imposible. Lo cierto es que las \u00c1guilas est\u00e1n buscando sus refuerzos en el mercado europeo.<\/p>\n<p style=\"text-align: center;\"><a href=\"https:\/\/www.futboltotal.com.mx\/futbol-mexicano\/liga-mx\/racing-avellaneda-suena-2-liga-mx-banquillo\/2017\/12\" target=\"_blank\" rel=\"noopener\">VER M\u00c1S: Racing de Avellaneda quiere a dos estrategas de Liga MX<\/a><\/p>\n","protected":false},"excerpt":{"rendered":"<p>El cuadro americanista deber\u00e1 buscar refuerzos m\u00e1s econ\u00f3micos<\/p>\n","protected":false},"author":159,"featured_media":512270,"comment_status":"closed","ping_status":"closed","sticky":false,"template":"","format":"standard","meta":[],"categories":[2198,3845],"tags":[5959,6039,64,1035,742],"_links":{"self":[{"href":"http:\/\/desarrollo.grupomedios.com\/futbol\/wp-json\/wp\/v2\/posts\/512269"}],"collection":[{"href":"http:\/\/desarrollo.grupomedios.com\/futbol\/wp-json\/wp\/v2\/posts"}],"about":[{"href":"http:\/\/desarrollo.grupomedios.com\/futbol\/wp-json\/wp\/v2\/types\/post"}],"author":[{"embeddable":true,"href":"http:\/\/desarrollo.grupomedios.com\/futbol\/wp-json\/wp\/v2\/users\/159"}],"replies":[{"embeddable":true,"href":"http:\/\/desarrollo.grupomedios.com\/futbol\/wp-json\/wp\/v2\/comments?post=512269"}],"version-history":[{"count":1,"href":"http:\/\/desarrollo.grupomedios.com\/futbol\/wp-json\/wp\/v2\/posts\/512269\/revisions"}],"predecessor-version":[{"id":512271,"href":"http:\/\/desarrollo.grupomedios.com\/futbol\/wp-json\/wp\/v2\/posts\/512269\/revisions\/512271"}],"wp:featuredmedia":[{"embeddable":true,"href":"http:\/\/desarrollo.grupomedios.com\/futbol\/wp-json\/wp\/v2\/media\/512270"}],"wp:attachment":[{"href":"http:\/\/desarrollo.grupomedios.com\/futbol\/wp-json\/wp\/v2\/media?parent=512269"}],"wp:term":[{"taxonomy":"category","embeddable":true,"href":"http:\/\/desarrollo.grupomedios.com\/futbol\/wp-json\/wp\/v2\/categories?post=512269"},{"taxonomy":"post_tag","embeddable":true,"href":"http:\/\/desarrollo.grupomedios.com\/futbol\/wp-json\/wp\/v2\/tags?post=512269"}],"curies":[{"name":"wp","href":"https:\/\/api.w.org\/{rel}","templated":true}]}}