{"id":512275,"date":"2017-12-16T13:29:03","date_gmt":"2017-12-16T19:29:03","guid":{"rendered":"https:\/\/www.futboltotal.com.mx\/?p=512275"},"modified":"2017-12-16T13:29:03","modified_gmt":"2017-12-16T19:29:03","slug":"nicolas-blandi-edwin-cardona-en-la-mira-america","status":"publish","type":"post","link":"http:\/\/desarrollo.grupomedios.com\/futbol\/futbol-mexicano\/nicolas-blandi-edwin-cardona-en-la-mira-america\/2017\/12","title":{"rendered":"Nicol\u00e1s Blandi y Edwin Cardona, en la mira de Am\u00e9rica"},"content":{"rendered":"<p><strong>POR: STAFF FT<\/strong><\/p>\n<p>El cuadro de las<strong> \u00c1guilas del Am\u00e9rica<\/strong> est\u00e1 necesitado de dar un golpe sobre la mesa luego que en el pasado Draft no logr\u00f3 hacer contrataciones importantes de cara al <strong>Clausura 2018<\/strong>, varios nombres han comenzado a manejarse en el entorno azulcrema y al menos<a href=\"https:\/\/www.futboltotal.com.mx\/futbol-mexicano\/liga-mx\/america-descarta-la-llegada-estos-3-refuerzos\/2017\/12\" target=\"_blank\" rel=\"noopener\"> tres de ellos ya han sido desechados por el inconveniente econ\u00f3mico<\/a>.<\/p>\n<p>De acuerdo con Fox Sports hay dos jugadores que interesan mucho en Coapa, uno de ellos es un viejo conocido de la Liga MX, pues se trata del colombiano <strong>Edwin Cardona<\/strong>, pues aprovechar\u00edan que el due\u00f1o de su carta son los <strong>Rayados de Monterrey<\/strong> y tiene contrato de pr\u00e9stamo con opci\u00f3n a compra, pero esta es muy elevada para el cuadro <strong>Xeneize<\/strong>, por lo que buscar\u00edan gan\u00e1rselo sobre la mesa.<\/p>\n<p style=\"text-align: center;\"><a href=\"https:\/\/www.futboltotal.com.mx\/futbol-mexicano\/liga-mx\/wesley-sneijder-seria-fichaje-bomba-de-queretaro\/2017\/12\" target=\"_blank\" rel=\"noopener\">VER M\u00c1S: Wesley Sneijder ser\u00eda la bomba del Quer\u00e9taro<\/a><\/p>\n<p>De igual forma podr\u00edan utilizar a<strong> Cecilio Dominguez<\/strong> como moneda de cambio, pues saben del inter\u00e9s que tiene Boca Juniors por el centrocampista y aunque la transacci\u00f3n es con Rayados, el jugador podr\u00eda quedar involucrado en al misma para cubrir el hueco que deje Cardona.<\/p>\n<p>El otro nombre que est\u00e1 sonando fuerte para llegar a Am\u00e9rica es el de <strong>Nicol\u00e1s Blandi<\/strong>, delantero de <strong>San Lorenzo de Almagro<\/strong>, el atacante de 27 a\u00f1os ha sido una de las piezas fundamentales de su equipo, adem\u00e1s que porta el gafete de capit\u00e1n. La transacci\u00f3n se vislumbra por ahora complicada pues de igual manera <strong>Flamengo de Brasil<\/strong> desea hacerse con sus servicios. Otra opci\u00f3n para las \u00c1guilas ser\u00eda\u00a0<strong>Emmanuel Gigliotti<\/strong> de <strong>Independiente de Avellaneda<\/strong>.<\/p>\n<p style=\"text-align: center;\"><a href=\"https:\/\/www.futboltotal.com.mx\/futbol-internacional\/mls-futbol-internacional\/iker-casillas-llegaria-al-chicago-fire-la-mls\/2017\/12\" target=\"_blank\" rel=\"noopener\">VER M\u00c1S: Iker Casillas llegar\u00eda al Chicago Fire de la MLS<\/a><\/p>\n","protected":false},"excerpt":{"rendered":"<p>Los azulcremas desean gente de medio campo hacia adelante<\/p>\n","protected":false},"author":159,"featured_media":512276,"comment_status":"closed","ping_status":"closed","sticky":false,"template":"","format":"standard","meta":[],"categories":[2198,3845],"tags":[5959,9028,6133,64,9013],"_links":{"self":[{"href":"http:\/\/desarrollo.grupomedios.com\/futbol\/wp-json\/wp\/v2\/posts\/512275"}],"collection":[{"href":"http:\/\/desarrollo.grupomedios.com\/futbol\/wp-json\/wp\/v2\/posts"}],"about":[{"href":"http:\/\/desarrollo.grupomedios.com\/futbol\/wp-json\/wp\/v2\/types\/post"}],"author":[{"embeddable":true,"href":"http:\/\/desarrollo.grupomedios.com\/futbol\/wp-json\/wp\/v2\/users\/159"}],"replies":[{"embeddable":true,"href":"http:\/\/desarrollo.grupomedios.com\/futbol\/wp-json\/wp\/v2\/comments?post=512275"}],"version-history":[{"count":1,"href":"http:\/\/desarrollo.grupomedios.com\/futbol\/wp-json\/wp\/v2\/posts\/512275\/revisions"}],"predecessor-version":[{"id":512277,"href":"http:\/\/desarrollo.grupomedios.com\/futbol\/wp-json\/wp\/v2\/posts\/512275\/revisions\/512277"}],"wp:featuredmedia":[{"embeddable":true,"href":"http:\/\/desarrollo.grupomedios.com\/futbol\/wp-json\/wp\/v2\/media\/512276"}],"wp:attachment":[{"href":"http:\/\/desarrollo.grupomedios.com\/futbol\/wp-json\/wp\/v2\/media?parent=512275"}],"wp:term":[{"taxonomy":"category","embeddable":true,"href":"http:\/\/desarrollo.grupomedios.com\/futbol\/wp-json\/wp\/v2\/categories?post=512275"},{"taxonomy":"post_tag","embeddable":true,"href":"http:\/\/desarrollo.grupomedios.com\/futbol\/wp-json\/wp\/v2\/tags?post=512275"}],"curies":[{"name":"wp","href":"https:\/\/api.w.org\/{rel}","templated":true}]}}