{"id":512278,"date":"2017-12-16T13:45:03","date_gmt":"2017-12-16T19:45:03","guid":{"rendered":"https:\/\/www.futboltotal.com.mx\/?p=512278"},"modified":"2017-12-16T13:45:03","modified_gmt":"2017-12-16T19:45:03","slug":"jonathan-urretaviscaya-junto-a-cristiano-ronaldo-luka-modric","status":"publish","type":"post","link":"http:\/\/desarrollo.grupomedios.com\/futbol\/futbol-internacional\/jonathan-urretaviscaya-junto-a-cristiano-ronaldo-luka-modric\/2017\/12","title":{"rendered":"Jonathan Urretaviscaya, junto a CR7 y Modric"},"content":{"rendered":"<p>POR: STAFF FT<\/p>\n<p>El jugador uruguayo de los <strong>Tuzos de Pachuca,\u00a0Jonathan Urretaviscaya<\/strong> fue desginado como el <strong>Bal\u00f3n de Bronce<\/strong> en el <strong>Mundial de Clubes<\/strong>, compartiendo podio con dos jugadores bicampeones del torneo, <strong>Cristiano Ronaldo y Luka Modric<\/strong>, ambos jugadores del Real Madrid.<\/p>\n<p style=\"text-align: center;\"><a href=\"https:\/\/www.futboltotal.com.mx\/futbol-mexicano\/liga-mx\/wesley-sneijder-seria-fichaje-bomba-de-queretaro\/2017\/12\" target=\"_blank\" rel=\"noopener\">VER M\u00c1S: Wesley Sneijder ser\u00eda el fichaje bomba de Quer\u00e9taro<\/a><\/p>\n<p>El charr\u00faa jug\u00f3 los<strong> tres partidos<\/strong> que disput\u00f3 el cuadro hidalguense en el certamen y se destac\u00f3 por su buen desempe\u00f1o, anot\u00f3 el primer gol del encuentro ante el <strong>Al-Jazira<\/strong> por el tercer lugar, adem\u00e1s que mostr\u00f3 su desequilibrio.<\/p>\n<blockquote class=\"twitter-video\" data-lang=\"es\">\n<p dir=\"ltr\" lang=\"es\">TUZO DE BRONCE<a href=\"https:\/\/twitter.com\/hashtag\/MundialDeClubesxFOX?src=hash&amp;ref_src=twsrc%5Etfw\">#MundialDeClubesxFOX<\/a> Jonathan Urretaviscaya es reconocido como el tercer mejor jugador del certamen <a href=\"https:\/\/t.co\/LItmxUVQKT\">pic.twitter.com\/LItmxUVQKT<\/a><\/p>\n<p>\u2014 FOX Sports MX (@FOXSportsMX) <a href=\"https:\/\/twitter.com\/FOXSportsMX\/status\/942109688065277952?ref_src=twsrc%5Etfw\">16 de diciembre de 2017<\/a><\/p><\/blockquote>\n<p><script async src=\"https:\/\/platform.twitter.com\/widgets.js\" charset=\"utf-8\"><\/script><\/p>\n<p>Por otro lado, la gran estrella portuguesa, <strong>Cristiano Ronaldo gan\u00f3 el Bal\u00f3n de Plata<\/strong>, con dos anotaciones suyas en semifinal y final el cuadro merengue se coron\u00f3 en la competencia; mientras que el croata, <strong>Luka Modric<\/strong>, tambi\u00e9n elemento del Real Madrid levant\u00f3 el<strong> Bal\u00f3n de Oro<\/strong> luego de ser el motor en el medio campo para su equipo. As\u00ed el futbolista charr\u00faa tendr\u00e1 una foto para el recuerdo con dos grandes del balompi\u00e9.<\/p>\n<p style=\"text-align: center;\"><a href=\"https:\/\/www.futboltotal.com.mx\/futbol-mexicano\/liga-mx\/nicolas-blandi-edwin-cardona-en-la-mira-america\/2017\/12\" target=\"_blank\" rel=\"noopener\">VER M\u00c1S: Am\u00e9rica tiene en la mira a Nicol\u00e1s Blandi<\/a><\/p>\n","protected":false},"excerpt":{"rendered":"<p>El charr\u00faa demostr\u00f3 su talento en la competencia y fue reconocido<\/p>\n","protected":false},"author":159,"featured_media":512279,"comment_status":"closed","ping_status":"closed","sticky":false,"template":"","format":"standard","meta":[],"categories":[3839,11040],"tags":[6013,8350,477,415,5968,5988,73],"_links":{"self":[{"href":"http:\/\/desarrollo.grupomedios.com\/futbol\/wp-json\/wp\/v2\/posts\/512278"}],"collection":[{"href":"http:\/\/desarrollo.grupomedios.com\/futbol\/wp-json\/wp\/v2\/posts"}],"about":[{"href":"http:\/\/desarrollo.grupomedios.com\/futbol\/wp-json\/wp\/v2\/types\/post"}],"author":[{"embeddable":true,"href":"http:\/\/desarrollo.grupomedios.com\/futbol\/wp-json\/wp\/v2\/users\/159"}],"replies":[{"embeddable":true,"href":"http:\/\/desarrollo.grupomedios.com\/futbol\/wp-json\/wp\/v2\/comments?post=512278"}],"version-history":[{"count":1,"href":"http:\/\/desarrollo.grupomedios.com\/futbol\/wp-json\/wp\/v2\/posts\/512278\/revisions"}],"predecessor-version":[{"id":512280,"href":"http:\/\/desarrollo.grupomedios.com\/futbol\/wp-json\/wp\/v2\/posts\/512278\/revisions\/512280"}],"wp:featuredmedia":[{"embeddable":true,"href":"http:\/\/desarrollo.grupomedios.com\/futbol\/wp-json\/wp\/v2\/media\/512279"}],"wp:attachment":[{"href":"http:\/\/desarrollo.grupomedios.com\/futbol\/wp-json\/wp\/v2\/media?parent=512278"}],"wp:term":[{"taxonomy":"category","embeddable":true,"href":"http:\/\/desarrollo.grupomedios.com\/futbol\/wp-json\/wp\/v2\/categories?post=512278"},{"taxonomy":"post_tag","embeddable":true,"href":"http:\/\/desarrollo.grupomedios.com\/futbol\/wp-json\/wp\/v2\/tags?post=512278"}],"curies":[{"name":"wp","href":"https:\/\/api.w.org\/{rel}","templated":true}]}}