{"id":512299,"date":"2017-12-16T16:02:09","date_gmt":"2017-12-16T22:02:09","guid":{"rendered":"https:\/\/www.futboltotal.com.mx\/?p=512299"},"modified":"2017-12-16T16:02:09","modified_gmt":"2017-12-16T22:02:09","slug":"valencia-se-cae-atletico-asalta-segundo-lugar-en-espana","status":"publish","type":"post","link":"http:\/\/desarrollo.grupomedios.com\/futbol\/futbol-internacional\/valencia-se-cae-atletico-asalta-segundo-lugar-en-espana\/2017\/12","title":{"rendered":"Valencia se cae y Atl\u00e9tico asalta el segundo lugar en Espa\u00f1a"},"content":{"rendered":"<p><strong>POR: EFE<\/strong><\/p>\n<p>El <strong>Valencia<\/strong> naufrag\u00f3 en el diluvio de <strong>Eibar<\/strong> y perdi\u00f3 2-1 su segundo partido consecutivo a domicilio para ceder la segunda posici\u00f3n de la Liga espa\u00f1ola al <strong>Atl\u00e9tico de Madrid<\/strong>, que sufri\u00f3 para ganar al <strong>Alav\u00e9s<\/strong> con un tanto de <strong>Fernando Torres<\/strong> en el \u00faltimo tramo del duelo.<\/p>\n<p>En el estadio de Ipur\u00faa, el Valencia volvi\u00f3 a ceder tres puntos fuera de Mestalla, donde la semana pasada tom\u00f3 aire frente al Celta despu\u00e9s de ofrecer una mala imagen en el Coliseum Alfonso P\u00e9rez ante el Getafe (perdi\u00f3 1-0 tras jugar buena parte del partido con un futbolista m\u00e1s).<\/p>\n<p>En menos de dos semanas, ha pasado de ser uno de los equipos invictos de la Liga a perder dos duelos casi de forma consecutiva.<\/p>\n<p>El Eibar tuvo mucha culpa. Aprovech\u00f3 a la perfecci\u00f3n las inclemencias del tiempo para sellar el destino de su rival. Lo consigui\u00f3 a cuatro minutos del final, con un salto de altos vuelos de Joan Jordan, el mejor de su equipo, que marc\u00f3 de cabeza el 2-1 definitivo.<\/p>\n<p>Antes, en los primeros minutos de la segunda parte, el japon\u00e9s Takashi Inui adelant\u00f3 al Eibar con un latigazo desde dentro del \u00e1rea del Valencia, que despu\u00e9s pudo empatar por medio de Santi Mina.<\/p>\n<p>El encuentro, fabricado para colocarse el mono de trabajo, acab\u00f3 decant\u00e1ndose del lado vasco con un gran salto de Jordan, que se elev\u00f3 por encima de la defensa &#8220;ch\u00e9&#8221; para iniciar la posible extinci\u00f3n del sue\u00f1o valencianista de luchar por la Liga. Si el Barcelona gana al Deportivo, se colocar\u00e1 a ocho puntos de distancia.<\/p>\n<p><iframe loading=\"lazy\" src=\"https:\/\/www.youtube.com\/embed\/LUBDMReuTLk\" frameborder=\"0\" allowfullscreen=\"allowfullscreen\"><\/iframe><\/p>\n<p>Despu\u00e9s, el Atl\u00e9tico de Madrid cumpli\u00f3 y poco m\u00e1s contra el Alav\u00e9s. Hizo su trabajo, que era sumar los tres puntos para presionar al Barcelona y superar al Valencia en la tabla de clasificaci\u00f3n.<\/p>\n<p>Con un juego gris pero efectivo, los hombres del entrenador argentino Diego Simeone sumaron su cuarta victoria consecutiva para confirmar una buena racha cimentada en los resultados. El juego, de momento, no es brillante, pero el Atl\u00e9tico se mantiene en la zona m\u00e1s alta de la tabla.<\/p>\n<p>Fernando Torres, que sali\u00f3 al campo en el minuto 69 tras sustituir a Sa\u00fal \u00d1\u00edguez, se encarg\u00f3 de dar una alegr\u00eda al p\u00fablico del estadio Wanda Metropolitano, que vio como su delantero se estrenaba en Liga esta temporada.<\/p>\n<p>Un centro desde la banda derecha del croata Sime Vrsaljko, que cada d\u00eda est\u00e1 m\u00e1s afinado en esa suerte, lo aprovech\u00f3 Fernando Torres para marcar el tanto que dio la d\u00e9cima victoria al Atl\u00e9tico este curso. El equipo de Simeone gan\u00f3 sin alardes y se elev\u00f3 hasta la segunda posici\u00f3n.<\/p>\n<p>La jornada del s\u00e1bado la inaugur\u00f3 el derbi vasco de m\u00e1s relevancia. San Mam\u00e9s acogi\u00f3 el Athletic-Real Sociedad, que defraud\u00f3 en juego y en emoci\u00f3n y que a falta de f\u00fatbol acab\u00f3 centr\u00e1ndose en la ausencia del portero Kepa Arrizabalaga. Su entrenador, &#8220;Cuco&#8221; Ziganda, asegur\u00f3 despu\u00e9s del choque que no estaba con confianza para jugar porque sufr\u00eda molestias en su pie derecho.<\/p>\n<p><iframe loading=\"lazy\" src=\"https:\/\/www.youtube.com\/embed\/AGLagr-TB4c\" frameborder=\"0\" allowfullscreen=\"allowfullscreen\"><\/iframe><\/p>\n<p>Las especulaciones sobre la salida al Real Madrid de Kepa adornaron el inicio del encuentro. No era esperada su ausencia y fue la comidilla del p\u00fablico que asisti\u00f3 a San Mam\u00e9s. Pasada esa noticia, el f\u00fatbol brill\u00f3 por su ausencia en un encuentro marcado por el miedo a perder.<\/p>\n<p>La Real s\u00f3lo dispar\u00f3 una vez a porter\u00eda, en el minuto 89, por medio de Xabi Prieto. El Athletic, apenas acert\u00f3 a crear peligro en el primer cuarto de hora de la segunda parte, en el que Ra\u00fal Garc\u00eda y Aritz Aduriz rozaron el gol. No hubo m\u00e1s. El f\u00fatbol no pudo con la ausencia noticiable de Kepa y el empate a cero fue el resultado perfecto para definir el peor derbi vasco de los \u00faltimos tiempos.<\/p>\n","protected":false},"excerpt":{"rendered":"<p>Los colchoneros pudieron acercarse al l\u00edder Barcelona con el gol de Torres<\/p>\n","protected":false},"author":160,"featured_media":512300,"comment_status":"closed","ping_status":"closed","sticky":false,"template":"","format":"standard","meta":[],"categories":[3839,3844],"tags":[7652,2047,7614,1913,87],"_links":{"self":[{"href":"http:\/\/desarrollo.grupomedios.com\/futbol\/wp-json\/wp\/v2\/posts\/512299"}],"collection":[{"href":"http:\/\/desarrollo.grupomedios.com\/futbol\/wp-json\/wp\/v2\/posts"}],"about":[{"href":"http:\/\/desarrollo.grupomedios.com\/futbol\/wp-json\/wp\/v2\/types\/post"}],"author":[{"embeddable":true,"href":"http:\/\/desarrollo.grupomedios.com\/futbol\/wp-json\/wp\/v2\/users\/160"}],"replies":[{"embeddable":true,"href":"http:\/\/desarrollo.grupomedios.com\/futbol\/wp-json\/wp\/v2\/comments?post=512299"}],"version-history":[{"count":1,"href":"http:\/\/desarrollo.grupomedios.com\/futbol\/wp-json\/wp\/v2\/posts\/512299\/revisions"}],"predecessor-version":[{"id":512301,"href":"http:\/\/desarrollo.grupomedios.com\/futbol\/wp-json\/wp\/v2\/posts\/512299\/revisions\/512301"}],"wp:featuredmedia":[{"embeddable":true,"href":"http:\/\/desarrollo.grupomedios.com\/futbol\/wp-json\/wp\/v2\/media\/512300"}],"wp:attachment":[{"href":"http:\/\/desarrollo.grupomedios.com\/futbol\/wp-json\/wp\/v2\/media?parent=512299"}],"wp:term":[{"taxonomy":"category","embeddable":true,"href":"http:\/\/desarrollo.grupomedios.com\/futbol\/wp-json\/wp\/v2\/categories?post=512299"},{"taxonomy":"post_tag","embeddable":true,"href":"http:\/\/desarrollo.grupomedios.com\/futbol\/wp-json\/wp\/v2\/tags?post=512299"}],"curies":[{"name":"wp","href":"https:\/\/api.w.org\/{rel}","templated":true}]}}