{"id":512302,"date":"2017-12-16T16:30:37","date_gmt":"2017-12-16T22:30:37","guid":{"rendered":"https:\/\/www.futboltotal.com.mx\/?p=512302"},"modified":"2017-12-16T16:30:37","modified_gmt":"2017-12-16T22:30:37","slug":"keisuke-honda-molesto-la-prensa-supuesta-salida-pachuca","status":"publish","type":"post","link":"http:\/\/desarrollo.grupomedios.com\/futbol\/futbol-mexicano\/keisuke-honda-molesto-la-prensa-supuesta-salida-pachuca\/2017\/12","title":{"rendered":"Keisuke Honda, molesto con la prensa por supuesta salida de Pachuca"},"content":{"rendered":"<p><strong>POR: STAFF FT<\/strong><\/p>\n<p>El futbolista japon\u00e9s <strong>Keisuke Honda<\/strong> mostr\u00f3 su molestia por el hecho de que la prensa ha se\u00f1alado que dejar\u00e1 a los <strong>Tuzos del Pachuca<\/strong>, al terminar su participaci\u00f3n con la Final de la Copa MX.<\/p>\n<p>En su cuenta oficial de <em>Twitter<\/em>, el internacional nip\u00f3n dej\u00f3 muy claro que su permanencia en la escuadra hidalguense no est\u00e1 en duda, y seguir\u00e1 jugando en M\u00e9xico.<\/p>\n<p>&#8220;Estoy muy feliz de quedarme en Pachuca. Amo todo&#8230;&#8221;, son parte de las palabras que coment\u00f3 el japon\u00e9s en su red social.<\/p>\n<blockquote class=\"twitter-tweet\" data-lang=\"es\">\n<p dir=\"ltr\" lang=\"es\">Acorde a los peri\u00f3dicos, me ir\u00e9 de Pachuca este invierno, pero porque?<br \/>\nEstoy muy feliz de quedarme en Pachuca. Amo todo sobre Pachuca; sus seguidores, mis compa\u00f1eros, Diego y Jesus , realmente los quiero mucho!<\/p>\n<p>\u2014 KeisukeHonda(\u672c\u7530\u572d\u4f51) (@kskgroup2017) <a href=\"https:\/\/twitter.com\/kskgroup2017\/status\/942146674209755137?ref_src=twsrc%5Etfw\">16 de diciembre de 2017<\/a><\/p><\/blockquote>\n<p><script async src=\"https:\/\/platform.twitter.com\/widgets.js\" charset=\"utf-8\"><\/script><\/p>\n<p>Con esto, se confirma la permanencia de Keisuke Honda en Pachuca, por lo menos hasta la <strong>Copa del Mundo de Rusia 2018<\/strong>.<\/p>\n","protected":false},"excerpt":{"rendered":"<p>El jugador de los Tuzos se\u00f1al\u00f3 que no tiene ning\u00fan motivo para irse<\/p>\n","protected":false},"author":160,"featured_media":512303,"comment_status":"closed","ping_status":"closed","sticky":false,"template":"","format":"standard","meta":[],"categories":[2198,3845],"tags":[6092,5968],"_links":{"self":[{"href":"http:\/\/desarrollo.grupomedios.com\/futbol\/wp-json\/wp\/v2\/posts\/512302"}],"collection":[{"href":"http:\/\/desarrollo.grupomedios.com\/futbol\/wp-json\/wp\/v2\/posts"}],"about":[{"href":"http:\/\/desarrollo.grupomedios.com\/futbol\/wp-json\/wp\/v2\/types\/post"}],"author":[{"embeddable":true,"href":"http:\/\/desarrollo.grupomedios.com\/futbol\/wp-json\/wp\/v2\/users\/160"}],"replies":[{"embeddable":true,"href":"http:\/\/desarrollo.grupomedios.com\/futbol\/wp-json\/wp\/v2\/comments?post=512302"}],"version-history":[{"count":1,"href":"http:\/\/desarrollo.grupomedios.com\/futbol\/wp-json\/wp\/v2\/posts\/512302\/revisions"}],"predecessor-version":[{"id":512304,"href":"http:\/\/desarrollo.grupomedios.com\/futbol\/wp-json\/wp\/v2\/posts\/512302\/revisions\/512304"}],"wp:featuredmedia":[{"embeddable":true,"href":"http:\/\/desarrollo.grupomedios.com\/futbol\/wp-json\/wp\/v2\/media\/512303"}],"wp:attachment":[{"href":"http:\/\/desarrollo.grupomedios.com\/futbol\/wp-json\/wp\/v2\/media?parent=512302"}],"wp:term":[{"taxonomy":"category","embeddable":true,"href":"http:\/\/desarrollo.grupomedios.com\/futbol\/wp-json\/wp\/v2\/categories?post=512302"},{"taxonomy":"post_tag","embeddable":true,"href":"http:\/\/desarrollo.grupomedios.com\/futbol\/wp-json\/wp\/v2\/tags?post=512302"}],"curies":[{"name":"wp","href":"https:\/\/api.w.org\/{rel}","templated":true}]}}