{"id":512339,"date":"2017-12-17T15:17:30","date_gmt":"2017-12-17T21:17:30","guid":{"rendered":"https:\/\/www.futboltotal.com.mx\/?p=512339"},"modified":"2017-12-17T15:17:30","modified_gmt":"2017-12-17T21:17:30","slug":"barcelona-pierde-a-paco-alcacer-lesion","status":"publish","type":"post","link":"http:\/\/desarrollo.grupomedios.com\/futbol\/futbol-internacional\/barcelona-pierde-a-paco-alcacer-lesion\/2017\/12","title":{"rendered":"Barcelona pierde a Paco Alc\u00e1cer por lesi\u00f3n"},"content":{"rendered":"<p>El delantero espa\u00f1ol del <strong>Barcelona<\/strong>, <strong>Paco Alc\u00e1cer<\/strong>, estar\u00e1 unas tres semanas de baja. El delantero azulgrana ha sufrido durante el primer tiempo del <strong>Bar\u00e7a-Deportivo<\/strong> una lesi\u00f3n muscular en el recto anterior de la pierna izquierda que le impedir\u00e1 cerrar 2017 jugando a f\u00fatbol.<\/p>\n<p>Si se cumplan los plazos, el jugador podr\u00eda volver para el<strong> Bar\u00e7a-Levante<\/strong> del 7 de enero, que se disputar\u00e1 exactamente dentro de tres semanas.\u00a0 Por tanto, se perder\u00e1 seguro el Cl\u00e1sico del 23 de diciembre en el Bernab\u00e9u y quiz\u00e1 tambi\u00e9n la ida de la eliminatoria de octavos de Copa contra el Celta del 4 de enero.<\/p>\n<p>El &#8217;17&#8217; azulgrana ha marcado 5 goles en los 11 partidos disputados esta temporada. De hecho, es el \u00fanico futbolista de la plantilla que ha visto puerta en Liga, Copa y Champions.<\/p>\n<p style=\"text-align: center;\"><span style=\"color: #3366ff;\"><a href=\"https:\/\/www.futboltotal.com.mx\/futbol-internacional\/liga-de-italia\/serie-a-juve-golea-milan-cae-aplastante-triunfo-del-verona\/2017\/12\">VER M\u00c1S: Serie A: Juve golea y el Milan cae con aplastante triunfo del Verona<\/a><\/span><\/p>\n<p>https:\/\/twitter.com\/FCBarcelona_es\/status\/942501750334017536<\/p>\n","protected":false},"excerpt":{"rendered":"<p>El atacante espa\u00f1ol se perder\u00e1 el partido ante el Real Madrid.<\/p>\n","protected":false},"author":129,"featured_media":512340,"comment_status":"closed","ping_status":"closed","sticky":false,"template":"","format":"standard","meta":[],"categories":[3839,3844],"tags":[5984,6214,6114,1913,5171],"_links":{"self":[{"href":"http:\/\/desarrollo.grupomedios.com\/futbol\/wp-json\/wp\/v2\/posts\/512339"}],"collection":[{"href":"http:\/\/desarrollo.grupomedios.com\/futbol\/wp-json\/wp\/v2\/posts"}],"about":[{"href":"http:\/\/desarrollo.grupomedios.com\/futbol\/wp-json\/wp\/v2\/types\/post"}],"author":[{"embeddable":true,"href":"http:\/\/desarrollo.grupomedios.com\/futbol\/wp-json\/wp\/v2\/users\/129"}],"replies":[{"embeddable":true,"href":"http:\/\/desarrollo.grupomedios.com\/futbol\/wp-json\/wp\/v2\/comments?post=512339"}],"version-history":[{"count":1,"href":"http:\/\/desarrollo.grupomedios.com\/futbol\/wp-json\/wp\/v2\/posts\/512339\/revisions"}],"predecessor-version":[{"id":512341,"href":"http:\/\/desarrollo.grupomedios.com\/futbol\/wp-json\/wp\/v2\/posts\/512339\/revisions\/512341"}],"wp:featuredmedia":[{"embeddable":true,"href":"http:\/\/desarrollo.grupomedios.com\/futbol\/wp-json\/wp\/v2\/media\/512340"}],"wp:attachment":[{"href":"http:\/\/desarrollo.grupomedios.com\/futbol\/wp-json\/wp\/v2\/media?parent=512339"}],"wp:term":[{"taxonomy":"category","embeddable":true,"href":"http:\/\/desarrollo.grupomedios.com\/futbol\/wp-json\/wp\/v2\/categories?post=512339"},{"taxonomy":"post_tag","embeddable":true,"href":"http:\/\/desarrollo.grupomedios.com\/futbol\/wp-json\/wp\/v2\/tags?post=512339"}],"curies":[{"name":"wp","href":"https:\/\/api.w.org\/{rel}","templated":true}]}}