{"id":512353,"date":"2017-12-17T17:59:09","date_gmt":"2017-12-17T23:59:09","guid":{"rendered":"https:\/\/www.futboltotal.com.mx\/?p=512353"},"modified":"2017-12-17T17:59:09","modified_gmt":"2017-12-17T23:59:09","slug":"raul-jimenez-jugo-en-goleada-del-benfica","status":"publish","type":"post","link":"http:\/\/desarrollo.grupomedios.com\/futbol\/futbol-internacional\/raul-jimenez-jugo-en-goleada-del-benfica\/2017\/12","title":{"rendered":"Ra\u00fal Jim\u00e9nez jug\u00f3 en goleada del Benfica"},"content":{"rendered":"<p>El <strong>Benfica <\/strong>del mexicano Ra\u00fal Jim\u00e9nez y\u00a0campe\u00f3n de las \u00faltimas cuatro <strong>Ligas de Portugal<\/strong>, venci\u00f3 hoy por 1-5 al modesto <strong>Tondela<\/strong>, por lo que se aferra al tren delantero del campeonato luso, tras un inicio de temporada irregular.<\/p>\n<p>El partido no tuvo color con una primera parte que finaliz\u00f3 con 0-3 a favor de los encarnados y con el encuentro encarrilado.<\/p>\n<p style=\"text-align: center;\"><span style=\"color: #3366ff;\"><a href=\"https:\/\/www.futboltotal.com.mx\/futbol-mexicano\/liga-mx\/miguel-layun-jugador-buscan-dos-grandes-en-mexico\/2017\/12\">VER M\u00c1S: Miguel Lay\u00fan, el jugador que buscan \u201cdos grandes\u201d en M\u00e9xico<\/a><\/span><\/p>\n<p>En la segunda mitad, el delantero brasile\u00f1o Jonas, ex del Valencia, marcaba dos tantos y certificaba as\u00ed su buen estado de forma, ya que a sus 33 a\u00f1os es el &#8220;pichichi&#8221; del campeonato portugu\u00e9s con 18 goles.<\/p>\n<p>Adem\u00e1s, el internacional portugu\u00e9s Pizzi, que ha jugado en equipos espa\u00f1oles como el Atl\u00e9tico de Madrid, Espa\u00f1ol o Deportivo de la Coru\u00f1a, se estren\u00f3 esta campa\u00f1a con dos tantos.<\/p>\n<p>Tambi\u00e9n marc\u00f3 para las \u00e1guilas el extremo derecho argentino Salvio, que lleva seis tantos en Liga.<\/p>\n<p>El gol del Tondela lo marc\u00f3 en el minuto 75 el atacante neozeland\u00e9s Tyler Boyd.<\/p>\n","protected":false},"excerpt":{"rendered":"<p>El mexicano jug\u00f3 11 minutos con las \u00c1guilas.<\/p>\n","protected":false},"author":129,"featured_media":494867,"comment_status":"closed","ping_status":"closed","sticky":false,"template":"","format":"standard","meta":[],"categories":[3839],"tags":[6060,742],"_links":{"self":[{"href":"http:\/\/desarrollo.grupomedios.com\/futbol\/wp-json\/wp\/v2\/posts\/512353"}],"collection":[{"href":"http:\/\/desarrollo.grupomedios.com\/futbol\/wp-json\/wp\/v2\/posts"}],"about":[{"href":"http:\/\/desarrollo.grupomedios.com\/futbol\/wp-json\/wp\/v2\/types\/post"}],"author":[{"embeddable":true,"href":"http:\/\/desarrollo.grupomedios.com\/futbol\/wp-json\/wp\/v2\/users\/129"}],"replies":[{"embeddable":true,"href":"http:\/\/desarrollo.grupomedios.com\/futbol\/wp-json\/wp\/v2\/comments?post=512353"}],"version-history":[{"count":1,"href":"http:\/\/desarrollo.grupomedios.com\/futbol\/wp-json\/wp\/v2\/posts\/512353\/revisions"}],"predecessor-version":[{"id":512354,"href":"http:\/\/desarrollo.grupomedios.com\/futbol\/wp-json\/wp\/v2\/posts\/512353\/revisions\/512354"}],"wp:featuredmedia":[{"embeddable":true,"href":"http:\/\/desarrollo.grupomedios.com\/futbol\/wp-json\/wp\/v2\/media\/494867"}],"wp:attachment":[{"href":"http:\/\/desarrollo.grupomedios.com\/futbol\/wp-json\/wp\/v2\/media?parent=512353"}],"wp:term":[{"taxonomy":"category","embeddable":true,"href":"http:\/\/desarrollo.grupomedios.com\/futbol\/wp-json\/wp\/v2\/categories?post=512353"},{"taxonomy":"post_tag","embeddable":true,"href":"http:\/\/desarrollo.grupomedios.com\/futbol\/wp-json\/wp\/v2\/tags?post=512353"}],"curies":[{"name":"wp","href":"https:\/\/api.w.org\/{rel}","templated":true}]}}