{"id":512360,"date":"2017-12-17T18:54:20","date_gmt":"2017-12-18T00:54:20","guid":{"rendered":"https:\/\/www.futboltotal.com.mx\/?p=512360"},"modified":"2017-12-17T18:54:20","modified_gmt":"2017-12-18T00:54:20","slug":"en-barcelona-desmienten-contacto-antoine-griezmann","status":"publish","type":"post","link":"http:\/\/desarrollo.grupomedios.com\/futbol\/futbol-internacional\/en-barcelona-desmienten-contacto-antoine-griezmann\/2017\/12","title":{"rendered":"En Barcelona no desmienten contacto por Antoine Griezmann"},"content":{"rendered":"<p>Guillermo Amor, responsable de las Relaciones Institucionales y Deportivas del primer equipo de f\u00fatbol, no ha querido desmentir una informaci\u00f3n sobre una posible reuni\u00f3n del presidente del <strong>Barcelona<\/strong>, <strong>Josep Maria Bartomeu<\/strong>, con el entorno de <strong>Antoine Griezmann<\/strong> (<strong>Atl\u00e9tico Madrid<\/strong>) y ha dicho que &#8220;puede ser que haya pasado algo&#8221;.<\/p>\n<p>Se ha referido Amor de esta manera a una informaci\u00f3n de <em>Mundo Deportivo<\/em>, seg\u00fan la cual el dirigente<strong> azulgrana<\/strong> se ha reunido con la familia del jugador en Barcelona -la hermana de Antoine es su representante- con la idea de pagar la cl\u00e1usula del jugador, que este pr\u00f3ximo verano se rebajar\u00e1 a 100 millones de euros.<\/p>\n<p style=\"text-align: center;\"><span style=\"color: #3366ff;\"><a href=\"https:\/\/www.futboltotal.com.mx\/futbol-internacional\/liga-de-espana\/barcelona-4-0-deportivo-laliga-2017-resumen\/2017\/12\">VER M\u00c1S: Barcelona golea al Deportivo y est\u00e1 listo para el Cl\u00e1sico ante el Madrid<\/a><\/span><\/p>\n<p>&#8220;Puede ser que haya pasado alguna cosa. Si lo dice el peri\u00f3dico es posible, puede ser, no lo s\u00e9, puede haber buena sinton\u00eda, una relaci\u00f3n, conversaciones&#8230; Eso es inevitable y podemos estar hablando con otros muchos. Es el trabajo de club que se suele hacer&#8221;, ha dicho en declaraciones a <em>Movistar plus<\/em>.<\/p>\n<p>En cuanto a la posibilidad de que el Bar\u00e7a le haga el pasillo al <strong>Real Madrid<\/strong> antes del cl\u00e1sico del pr\u00f3ximo s\u00e1bado para homenajear el t\u00edtulo del <strong>Mundial de Clubes<\/strong> conseguido, Amor ha comentado que el equipo azulgrana no lo har\u00e1.<\/p>\n<p>&#8220;Siempre hemos dejado claro que lo hacemos cuando nosotros participamos en esa competici\u00f3n, y en este caso nosotros no estamos en esa competici\u00f3n&#8221;, ha aclarado. EFE.<\/p>\n","protected":false},"excerpt":{"rendered":"<p>El franc\u00e9s podr\u00eda estar arreglado con el Barcelona.<\/p>\n","protected":false},"author":129,"featured_media":506808,"comment_status":"closed","ping_status":"closed","sticky":false,"template":"","format":"standard","meta":[],"categories":[3839,3844],"tags":[5191,6214,6114,1913],"_links":{"self":[{"href":"http:\/\/desarrollo.grupomedios.com\/futbol\/wp-json\/wp\/v2\/posts\/512360"}],"collection":[{"href":"http:\/\/desarrollo.grupomedios.com\/futbol\/wp-json\/wp\/v2\/posts"}],"about":[{"href":"http:\/\/desarrollo.grupomedios.com\/futbol\/wp-json\/wp\/v2\/types\/post"}],"author":[{"embeddable":true,"href":"http:\/\/desarrollo.grupomedios.com\/futbol\/wp-json\/wp\/v2\/users\/129"}],"replies":[{"embeddable":true,"href":"http:\/\/desarrollo.grupomedios.com\/futbol\/wp-json\/wp\/v2\/comments?post=512360"}],"version-history":[{"count":1,"href":"http:\/\/desarrollo.grupomedios.com\/futbol\/wp-json\/wp\/v2\/posts\/512360\/revisions"}],"predecessor-version":[{"id":512361,"href":"http:\/\/desarrollo.grupomedios.com\/futbol\/wp-json\/wp\/v2\/posts\/512360\/revisions\/512361"}],"wp:featuredmedia":[{"embeddable":true,"href":"http:\/\/desarrollo.grupomedios.com\/futbol\/wp-json\/wp\/v2\/media\/506808"}],"wp:attachment":[{"href":"http:\/\/desarrollo.grupomedios.com\/futbol\/wp-json\/wp\/v2\/media?parent=512360"}],"wp:term":[{"taxonomy":"category","embeddable":true,"href":"http:\/\/desarrollo.grupomedios.com\/futbol\/wp-json\/wp\/v2\/categories?post=512360"},{"taxonomy":"post_tag","embeddable":true,"href":"http:\/\/desarrollo.grupomedios.com\/futbol\/wp-json\/wp\/v2\/tags?post=512360"}],"curies":[{"name":"wp","href":"https:\/\/api.w.org\/{rel}","templated":true}]}}