{"id":512365,"date":"2017-12-17T19:41:28","date_gmt":"2017-12-18T01:41:28","guid":{"rendered":"https:\/\/www.futboltotal.com.mx\/?p=512365"},"modified":"2017-12-17T19:41:28","modified_gmt":"2017-12-18T01:41:28","slug":"vinicius-revela-fecha-llegada-al-real-madrid","status":"publish","type":"post","link":"http:\/\/desarrollo.grupomedios.com\/futbol\/futbol-internacional\/vinicius-revela-fecha-llegada-al-real-madrid\/2017\/12","title":{"rendered":"Vinicius revela su fecha de llegada al Real Madrid"},"content":{"rendered":"<p>El brasile\u00f1o <strong>Vinicius J\u00fanior<\/strong>, fichado por el <strong>Real Madrid<\/strong>, dijo en una entrevista que publica este domingo el diario Lance! que pretende jugar todo el a\u00f1o pr\u00f3ximo con el <strong>Flamengo<\/strong>, con el que aspira a ganar la Copa Libertadores.<\/p>\n<p>&#8220;Pretendo seguir (en el Flamengo) hasta finales de 2018 y, despu\u00e9s de ganar la <strong>Copa Libertadores<\/strong>, podr\u00e9 ir a jugar tranquilo en el Real Madrid&#8221;, declar\u00f3 el jugador de 17 a\u00f1os, fichado por el equipo que dirige <strong>Zinedine Zidane<\/strong> por 45 millones de euros.<\/p>\n<p style=\"text-align: center;\"><span style=\"color: #3366ff;\"><a href=\"https:\/\/www.futboltotal.com.mx\/futbol-internacional\/liga-de-espana\/barcelona-4-0-deportivo-laliga-2017-resumen\/2017\/12\">VER M\u00c1S: Barcelona golea al Deportivo y est\u00e1 listo para el Cl\u00e1sico ante el Madrid<\/a><\/span><\/p>\n<p>&#8220;Vamos a pensar en eso despu\u00e9s de A\u00f1o Nuevo&#8221;, apunt\u00f3 el jugador, que est\u00e1 considerado como una de las mayores promesas del f\u00fatbol brasile\u00f1o.<\/p>\n<p>El contrato firmado con el Real Madrid establece que Vinicius se incorporar\u00e1 al equipo merengue en julio de 2019, aunque tambi\u00e9n dice que esa fecha pudiera ser anticipada y concretarse para el inicio de la pr\u00f3xima temporada europea.<\/p>\n<p>Vinicius J\u00fanior, quien llam\u00f3 la atenci\u00f3n de varios grandes clubes europeos durante el Campeonato Sudamericano sub&#8217;17 que Brasil gan\u00f3 en marzo pasado en Chile, jug\u00f3 su primer partido profesional con el Flamengo en mayo pasado.<\/p>\n<p style=\"text-align: center;\"><span style=\"color: #3366ff;\"><a href=\"https:\/\/www.futboltotal.com.mx\/destacado-home\/kaka-retiro-balon-de-oro-brasil-milan-sao-paulo\/2017\/12\">VER M\u00c1S: Kak\u00e1 anunci\u00f3 su retiro del futbol profesional<\/a><\/span><\/p>\n<p>A pesar del renombre que le dio su fichaje por el Real Madrid, en su primer a\u00f1o como profesional casi no fue alineado como titular y jug\u00f3 un total de 38 partidos, en los que anot\u00f3 cuatro goles.<\/p>\n<p>El colombiano Reinaldo Rueda, entrenador del Flamengo, justific\u00f3 la ausencia de Vinicius J\u00fanior entre sus titulares habituales en su juventud. &#8220;Es muy chico todav\u00eda&#8221;, declar\u00f3 en m\u00e1s de una ocasi\u00f3n el entrenador. EFE<\/p>\n","protected":false},"excerpt":{"rendered":"<p>El brasile\u00f1o ya quiere unirse al conjunto Merengue.<\/p>\n","protected":false},"author":129,"featured_media":512366,"comment_status":"closed","ping_status":"closed","sticky":false,"template":"","format":"standard","meta":[],"categories":[3839,3844],"tags":[6114,1913,5988],"_links":{"self":[{"href":"http:\/\/desarrollo.grupomedios.com\/futbol\/wp-json\/wp\/v2\/posts\/512365"}],"collection":[{"href":"http:\/\/desarrollo.grupomedios.com\/futbol\/wp-json\/wp\/v2\/posts"}],"about":[{"href":"http:\/\/desarrollo.grupomedios.com\/futbol\/wp-json\/wp\/v2\/types\/post"}],"author":[{"embeddable":true,"href":"http:\/\/desarrollo.grupomedios.com\/futbol\/wp-json\/wp\/v2\/users\/129"}],"replies":[{"embeddable":true,"href":"http:\/\/desarrollo.grupomedios.com\/futbol\/wp-json\/wp\/v2\/comments?post=512365"}],"version-history":[{"count":1,"href":"http:\/\/desarrollo.grupomedios.com\/futbol\/wp-json\/wp\/v2\/posts\/512365\/revisions"}],"predecessor-version":[{"id":512367,"href":"http:\/\/desarrollo.grupomedios.com\/futbol\/wp-json\/wp\/v2\/posts\/512365\/revisions\/512367"}],"wp:featuredmedia":[{"embeddable":true,"href":"http:\/\/desarrollo.grupomedios.com\/futbol\/wp-json\/wp\/v2\/media\/512366"}],"wp:attachment":[{"href":"http:\/\/desarrollo.grupomedios.com\/futbol\/wp-json\/wp\/v2\/media?parent=512365"}],"wp:term":[{"taxonomy":"category","embeddable":true,"href":"http:\/\/desarrollo.grupomedios.com\/futbol\/wp-json\/wp\/v2\/categories?post=512365"},{"taxonomy":"post_tag","embeddable":true,"href":"http:\/\/desarrollo.grupomedios.com\/futbol\/wp-json\/wp\/v2\/tags?post=512365"}],"curies":[{"name":"wp","href":"https:\/\/api.w.org\/{rel}","templated":true}]}}