{"id":512374,"date":"2017-12-18T09:22:21","date_gmt":"2017-12-18T15:22:21","guid":{"rendered":"https:\/\/www.futboltotal.com.mx\/?p=512374"},"modified":"2017-12-18T09:22:21","modified_gmt":"2017-12-18T15:22:21","slug":"river-plate-se-quiere-robar-a-lucas-zelarayan-tigres","status":"publish","type":"post","link":"http:\/\/desarrollo.grupomedios.com\/futbol\/destacado-home\/river-plate-se-quiere-robar-a-lucas-zelarayan-tigres\/2017\/12","title":{"rendered":"River Plate se quiere robar a Lucas Zelaray\u00e1n de Tigres"},"content":{"rendered":"<p>Durante la apertura del mercado de transferencias de invierno, el club argentino <strong>River Plate<\/strong> volvi\u00f3 a voltear a la <strong>Liga MX<\/strong> y parece que estar\u00eda cerca de llevarse al mediocampista de <strong>Tigres<\/strong>, <strong>Lucas Zelaray\u00e1n<\/strong>.<\/p>\n<p>Zelaray\u00e1n, de 25 a\u00f1os, no es tenido en cuenta por el DT brasile\u00f1o <strong>Ricardo Ferreti<\/strong> y el club de Monterrey, reciente campe\u00f3n del f\u00fatbol azteca, comunic\u00f3 que no lo negociar\u00e1 en el f\u00fatbol local pero s\u00ed est\u00e1 &#8220;abierto a recibir propuestas del exterior&#8221;.<\/p>\n<p style=\"text-align: center;\"><span style=\"color: #3366ff;\"><a href=\"https:\/\/www.futboltotal.com.mx\/futbol-mexicano\/liga-mx\/america-niega-interes-en-contratar-a-edwin-cardona\/2017\/12\">VER M\u00c1S: Am\u00e9rica niega inter\u00e9s en contratar a Edwin Cardona<\/a><\/span><\/p>\n<p>El volante ofensivo tuvo poca presencia en el equipo titular: s\u00f3lo disput\u00f3 ocho partidos, en los que convirti\u00f3 dos goles.<\/p>\n<p>Zelaray\u00e1n debut\u00f3 en el f\u00fatbol profesional el 24 de abril de 2012 a los 19 a\u00f1os vistiendo la camiseta de <strong>Belgrano de C\u00f3rdoba<\/strong>, instituci\u00f3n donde surgi\u00f3 de las divisiones inferiores. El 25 de diciembre de 2015 pas\u00f3 al Tigres, que desembols\u00f3 aproximadamente 5 millones de d\u00f3lares por el 80 por ciento de su pase. Y la pr\u00f3xima semana, si las negociaciones llegan a buen puerto, podr\u00eda convertirse en uno de los primeros fichajes de River del mercado de verano.<\/p>\n","protected":false},"excerpt":{"rendered":"<p>El mediocampista felino podr\u00eda volver a Argentina.<\/p>\n","protected":false},"author":129,"featured_media":486653,"comment_status":"closed","ping_status":"closed","sticky":false,"template":"","format":"standard","meta":[],"categories":[5,2198,3845],"tags":[64,8084,5973],"_links":{"self":[{"href":"http:\/\/desarrollo.grupomedios.com\/futbol\/wp-json\/wp\/v2\/posts\/512374"}],"collection":[{"href":"http:\/\/desarrollo.grupomedios.com\/futbol\/wp-json\/wp\/v2\/posts"}],"about":[{"href":"http:\/\/desarrollo.grupomedios.com\/futbol\/wp-json\/wp\/v2\/types\/post"}],"author":[{"embeddable":true,"href":"http:\/\/desarrollo.grupomedios.com\/futbol\/wp-json\/wp\/v2\/users\/129"}],"replies":[{"embeddable":true,"href":"http:\/\/desarrollo.grupomedios.com\/futbol\/wp-json\/wp\/v2\/comments?post=512374"}],"version-history":[{"count":1,"href":"http:\/\/desarrollo.grupomedios.com\/futbol\/wp-json\/wp\/v2\/posts\/512374\/revisions"}],"predecessor-version":[{"id":512375,"href":"http:\/\/desarrollo.grupomedios.com\/futbol\/wp-json\/wp\/v2\/posts\/512374\/revisions\/512375"}],"wp:featuredmedia":[{"embeddable":true,"href":"http:\/\/desarrollo.grupomedios.com\/futbol\/wp-json\/wp\/v2\/media\/486653"}],"wp:attachment":[{"href":"http:\/\/desarrollo.grupomedios.com\/futbol\/wp-json\/wp\/v2\/media?parent=512374"}],"wp:term":[{"taxonomy":"category","embeddable":true,"href":"http:\/\/desarrollo.grupomedios.com\/futbol\/wp-json\/wp\/v2\/categories?post=512374"},{"taxonomy":"post_tag","embeddable":true,"href":"http:\/\/desarrollo.grupomedios.com\/futbol\/wp-json\/wp\/v2\/tags?post=512374"}],"curies":[{"name":"wp","href":"https:\/\/api.w.org\/{rel}","templated":true}]}}