{"id":512380,"date":"2017-12-18T09:47:57","date_gmt":"2017-12-18T15:47:57","guid":{"rendered":"https:\/\/www.futboltotal.com.mx\/?p=512380"},"modified":"2017-12-18T09:47:57","modified_gmt":"2017-12-18T15:47:57","slug":"carlos-vela-revelo-decidio-irse-a-la-mls","status":"publish","type":"post","link":"http:\/\/desarrollo.grupomedios.com\/futbol\/destacado-home\/carlos-vela-revelo-decidio-irse-a-la-mls\/2017\/12","title":{"rendered":"Carlos Vela revel\u00f3 por qu\u00e9 decidi\u00f3 irse a la MLS"},"content":{"rendered":"<p>El delantero mexicano, <strong>Carlo<\/strong>s<strong> Vela<\/strong> est\u00e1 cerca de terminar su aventura por Europa y viajar a los<strong> Estados Unidos<\/strong>\u00a0para jugar en <strong>Los Angeles FC de la MLS.<\/strong><\/p>\n<p>En un video difundido por la <strong>Real Sociedad<\/strong>, el tambi\u00e9n canterano de <strong>Chivas<\/strong> fue muy claro: Vivir cerca de<strong> M\u00e9xico<\/strong> y de su familia es un escenario so\u00f1ado, a\u00fan m\u00e1s cuando vivir\u00e1 con total tranquilidad seg\u00fan los aspectos culturales que revel\u00f3.<\/p>\n<p style=\"text-align: center;\"><span style=\"color: #3366ff;\"><a href=\"https:\/\/www.futboltotal.com.mx\/futbol-mexicano\/liga-mx\/conejo-perez-anuncia-nueva-fecha-retiro\/2017\/12\">VER M\u00c1S: Conejo P\u00e9rez anuncia nueva fecha de retiro<\/a><\/span><\/p>\n<p>&#8220;Llevaba tiempo con las ganas de probar una aventura nueva, de estar cerca de mi pa\u00eds, donde mi familia puede venir m\u00e1s seguido, yo puedo ir m\u00e1s seguido a mi casa, donde siempre me ha llamado la atenci\u00f3n la forma del c\u00f3mo viven&#8221;, declar\u00f3 al respecto.<\/p>\n<p>Aunque Vela aclar\u00f3 que siempre ser\u00e1 un fan\u00e1tico de la Real Sociedad y asegur\u00f3 que se trataba de un &#8216;hasta luego&#8217;, tiene en claro que este era el momento adecuado para cambiar de aires, a\u00fan m\u00e1s considerando que vivi\u00f3 los \u00faltimos seis a\u00f1os en San Sebasti\u00e1n<\/p>\n<p style=\"text-align: center;\"><span style=\"color: #3366ff;\"><a href=\"https:\/\/www.futboltotal.com.mx\/futbol-internacional\/keylor-navas-mejor-la-concacaf-en-2017\/2017\/12\">VER M\u00c1S: Keylor Navas, el mejor de la Concacaf en 2017<\/a><\/span><\/p>\n<p>&#8220;Lleg\u00f3 el momento, la ciudad adecuada, el equipo y el proyecto que estaba esperando. Aqu\u00ed tambi\u00e9n llevaba cierto tiempo en el que dec\u00eda &#8216;necesito cambiar, ya lo he dado todo por el equipo&#8217; y creo que a todos nos va a venir bien un cambio&#8221;, concluy\u00f3 el <em>Bombardero<\/em>.<\/p>\n","protected":false},"excerpt":{"rendered":"<p>El delantero mexicano confes\u00f3 que &#8220;quer\u00eda una nueva aventura&#8221;.<\/p>\n","protected":false},"author":129,"featured_media":493351,"comment_status":"closed","ping_status":"closed","sticky":false,"template":"","format":"standard","meta":[],"categories":[5,3839,7580],"tags":[6048,8503,102],"_links":{"self":[{"href":"http:\/\/desarrollo.grupomedios.com\/futbol\/wp-json\/wp\/v2\/posts\/512380"}],"collection":[{"href":"http:\/\/desarrollo.grupomedios.com\/futbol\/wp-json\/wp\/v2\/posts"}],"about":[{"href":"http:\/\/desarrollo.grupomedios.com\/futbol\/wp-json\/wp\/v2\/types\/post"}],"author":[{"embeddable":true,"href":"http:\/\/desarrollo.grupomedios.com\/futbol\/wp-json\/wp\/v2\/users\/129"}],"replies":[{"embeddable":true,"href":"http:\/\/desarrollo.grupomedios.com\/futbol\/wp-json\/wp\/v2\/comments?post=512380"}],"version-history":[{"count":1,"href":"http:\/\/desarrollo.grupomedios.com\/futbol\/wp-json\/wp\/v2\/posts\/512380\/revisions"}],"predecessor-version":[{"id":512381,"href":"http:\/\/desarrollo.grupomedios.com\/futbol\/wp-json\/wp\/v2\/posts\/512380\/revisions\/512381"}],"wp:featuredmedia":[{"embeddable":true,"href":"http:\/\/desarrollo.grupomedios.com\/futbol\/wp-json\/wp\/v2\/media\/493351"}],"wp:attachment":[{"href":"http:\/\/desarrollo.grupomedios.com\/futbol\/wp-json\/wp\/v2\/media?parent=512380"}],"wp:term":[{"taxonomy":"category","embeddable":true,"href":"http:\/\/desarrollo.grupomedios.com\/futbol\/wp-json\/wp\/v2\/categories?post=512380"},{"taxonomy":"post_tag","embeddable":true,"href":"http:\/\/desarrollo.grupomedios.com\/futbol\/wp-json\/wp\/v2\/tags?post=512380"}],"curies":[{"name":"wp","href":"https:\/\/api.w.org\/{rel}","templated":true}]}}