{"id":512386,"date":"2017-12-18T12:26:45","date_gmt":"2017-12-18T18:26:45","guid":{"rendered":"https:\/\/www.futboltotal.com.mx\/?p=512386"},"modified":"2017-12-18T12:26:45","modified_gmt":"2017-12-18T18:26:45","slug":"milan-se-concentra-tiempo-indefinido-tras-dolorosa-derrota","status":"publish","type":"post","link":"http:\/\/desarrollo.grupomedios.com\/futbol\/futbol-internacional\/milan-se-concentra-tiempo-indefinido-tras-dolorosa-derrota\/2017\/12","title":{"rendered":"Milan se concentra por tiempo indefinido tras dolorosa derrota"},"content":{"rendered":"<p>La plantilla del <strong>Milan<\/strong> quedar\u00e1 concentrada &#8220;por tiempo indefinido&#8221; a partir de este martes, seg\u00fan comunic\u00f3 hoy el club en un escueto mensaje en Twitter en el que no precis\u00f3 las razones.<\/p>\n<p>Esta decisi\u00f3n se produce despu\u00e9s de la derrota sufrida por el equipo milan\u00e9s este domingo en su visita al Hellas Verona (3-0) que le releg\u00f3 a la octava posici\u00f3n de la liga italiana, dieciocho puntos por detr\u00e1s del l\u00edder, el<strong> N\u00e1poles<\/strong>.<\/p>\n<p style=\"text-align: center;\"><span style=\"color: #3366ff;\"><a href=\"https:\/\/www.futboltotal.com.mx\/futbol-internacional\/liga-de-espana\/mascherano-saldra-del-barcelona-ir-al-futbol-chino\/2017\/12\">VER M\u00c1S: Mascherano saldr\u00e1 del Barcelona para ir al futbol chino<\/a><\/span><\/p>\n<blockquote class=\"twitter-tweet\" data-width=\"500\">\n<p lang=\"it\" dir=\"ltr\"><a href=\"https:\/\/twitter.com\/hashtag\/ACMilan?src=hash&amp;ref_src=twsrc%5Etfw\">#ACMilan<\/a> comunica che la squadra sar\u00e0 in ritiro da domani fino a data da destinarsi<br \/>AC Milan announce that the team will go on a training retreat from tomorrow until further notice<\/p>\n<p>&mdash; AC Milan (@acmilan) <a href=\"https:\/\/twitter.com\/acmilan\/status\/942780193525157888?ref_src=twsrc%5Etfw\">December 18, 2017<\/a><\/p><\/blockquote>\n<p><script async src=\"https:\/\/platform.twitter.com\/widgets.js\" charset=\"utf-8\"><\/script><\/p>\n<p>Tras un lunes de descanso, el equipo volver\u00e1 a los entrenamientos a las 12:00 (11:00 GMT) de este martes, con vistas al partido del s\u00e1bado ante el Atalanta en San Siro, seg\u00fan figura en su portal de internet.<\/p>\n<p>Asimismo, el club milan\u00e9s, comprado el a\u00f1o pasado por un consorcio chino al magnate y ex primer ministro <strong>Silvio Berlusconi<\/strong>, ha anulado la tradicional cena de Navidad, prevista para la tarde de hoy, informaron medios locales.<\/p>\n<p>Desde la llegada del entrenador <strong>Genaro Gattuso<\/strong>, el 27 de noviembre, el Milan ha conseguido s\u00f3lo dos victorias en cinco partidos disputados entre todas las competiciones. EFE<\/p>\n","protected":false},"excerpt":{"rendered":"<p>El club cay\u00f3 por 3-0 en el Hellas Verona.<\/p>\n","protected":false},"author":129,"featured_media":506251,"comment_status":"closed","ping_status":"closed","sticky":false,"template":"","format":"standard","meta":[],"categories":[3839,3848],"tags":[11382,242,5958],"_links":{"self":[{"href":"http:\/\/desarrollo.grupomedios.com\/futbol\/wp-json\/wp\/v2\/posts\/512386"}],"collection":[{"href":"http:\/\/desarrollo.grupomedios.com\/futbol\/wp-json\/wp\/v2\/posts"}],"about":[{"href":"http:\/\/desarrollo.grupomedios.com\/futbol\/wp-json\/wp\/v2\/types\/post"}],"author":[{"embeddable":true,"href":"http:\/\/desarrollo.grupomedios.com\/futbol\/wp-json\/wp\/v2\/users\/129"}],"replies":[{"embeddable":true,"href":"http:\/\/desarrollo.grupomedios.com\/futbol\/wp-json\/wp\/v2\/comments?post=512386"}],"version-history":[{"count":1,"href":"http:\/\/desarrollo.grupomedios.com\/futbol\/wp-json\/wp\/v2\/posts\/512386\/revisions"}],"predecessor-version":[{"id":512387,"href":"http:\/\/desarrollo.grupomedios.com\/futbol\/wp-json\/wp\/v2\/posts\/512386\/revisions\/512387"}],"wp:featuredmedia":[{"embeddable":true,"href":"http:\/\/desarrollo.grupomedios.com\/futbol\/wp-json\/wp\/v2\/media\/506251"}],"wp:attachment":[{"href":"http:\/\/desarrollo.grupomedios.com\/futbol\/wp-json\/wp\/v2\/media?parent=512386"}],"wp:term":[{"taxonomy":"category","embeddable":true,"href":"http:\/\/desarrollo.grupomedios.com\/futbol\/wp-json\/wp\/v2\/categories?post=512386"},{"taxonomy":"post_tag","embeddable":true,"href":"http:\/\/desarrollo.grupomedios.com\/futbol\/wp-json\/wp\/v2\/tags?post=512386"}],"curies":[{"name":"wp","href":"https:\/\/api.w.org\/{rel}","templated":true}]}}