{"id":512419,"date":"2017-12-18T17:26:05","date_gmt":"2017-12-18T23:26:05","guid":{"rendered":"https:\/\/www.futboltotal.com.mx\/?p=512419"},"modified":"2017-12-18T17:26:05","modified_gmt":"2017-12-18T23:26:05","slug":"diego-reyes-anota-en-triunfo-del-porto-maritimo-madeira","status":"publish","type":"post","link":"http:\/\/desarrollo.grupomedios.com\/futbol\/destacado-home\/diego-reyes-anota-en-triunfo-del-porto-maritimo-madeira\/2017\/12","title":{"rendered":"Diego Reyes anota en el triunfo del Porto sobre el Mar\u00edtimo Madeira"},"content":{"rendered":"<p>El defensa mexicano <strong>Diego Reyes<\/strong> se estren\u00f3 como goleador en el <strong>Porto<\/strong> en el partido contra el Mar\u00edtimo, correspondiente a la <strong>Jornada 15<\/strong> de la <strong>Liga de Portugal<\/strong>.<\/p>\n<p>Reyes abri\u00f3 el marcador para los<strong> Dragones<\/strong> al minuto 18 gracias a un tiro de esquina de <strong>Alex Telles<\/strong>, el cual fue rematado de cabeza por el mexicano mand\u00e1ndola a la derecha de Charles.<\/p>\n<p style=\"text-align: center;\"><span style=\"color: #3366ff;\"><a href=\"https:\/\/www.futboltotal.com.mx\/futbol-mexicano\/liga-mx\/chivas-manda-a-alanis-a-segunda-falta-acuerdo-contractual\/2017\/12\">VER M\u00c1S: Chivas manda a Alan\u00eds a Segunda por falta de acuerdo contractual<\/a><\/span><\/p>\n<blockquote class=\"twitter-tweet\" data-width=\"500\">\n<p lang=\"pt\" dir=\"ltr\">O FC Porto continua a aproveitar os lances de bola parada! Diego Reyes no 1-0 para os drag\u00f5es<a href=\"https:\/\/twitter.com\/hashtag\/videosfuteboliadas?src=hash&amp;ref_src=twsrc%5Etfw\">#videosfuteboliadas<\/a> <a href=\"https:\/\/t.co\/A84OX8Zwa1\">https:\/\/t.co\/A84OX8Zwa1<\/a><\/p>\n<p>&mdash; Futebol\u00edadas \u00c9picas (@futeboliadas) <a href=\"https:\/\/twitter.com\/futeboliadas\/status\/942869218541924353?ref_src=twsrc%5Etfw\">December 18, 2017<\/a><\/p><\/blockquote>\n<p><script async src=\"https:\/\/platform.twitter.com\/widgets.js\" charset=\"utf-8\"><\/script><\/p>\n<p>El equipo de los mexicanos se llev\u00f3 el triunfo con un marcador de 3-1, pues gracias a los goles de Moussa Marega el conjunto blanquiazul triunf\u00f3 y regres\u00f3 al liderato de la Liga de Portugal.<\/p>\n<blockquote class=\"twitter-tweet\" data-width=\"500\">\n<p lang=\"es\" dir=\"ltr\">Final de Jogo \/ End of the match \/ Final del Partido<\/p>\n<p>18&#39; [1-0] Reyes \u26bd<br \/>25&#39; [1-1] F\u00e1bio Pacheco \u26bd<br \/>45&#39; [2-1] Marega \u26bd<br \/>78&#39; [3-1] Marega \u26bd<a href=\"https:\/\/twitter.com\/hashtag\/FCPorto?src=hash&amp;ref_src=twsrc%5Etfw\">#FCPorto<\/a> <a href=\"https:\/\/twitter.com\/hashtag\/FCPCSM?src=hash&amp;ref_src=twsrc%5Etfw\">#FCPCSM<\/a> <a href=\"https:\/\/t.co\/6vgwSgINlb\">pic.twitter.com\/6vgwSgINlb<\/a><\/p>\n<p>&mdash; FC Porto (@FCPorto) <a href=\"https:\/\/twitter.com\/FCPorto\/status\/942890944633999360?ref_src=twsrc%5Etfw\">December 18, 2017<\/a><\/p><\/blockquote>\n<p><script async src=\"https:\/\/platform.twitter.com\/widgets.js\" charset=\"utf-8\"><\/script><\/p>\n","protected":false},"excerpt":{"rendered":"<p>El mexicano se estren\u00f3 como goleador en los Dragones.<\/p>\n","protected":false},"author":129,"featured_media":512343,"comment_status":"closed","ping_status":"closed","sticky":false,"template":"","format":"standard","meta":[],"categories":[5,3839,7709],"tags":[6006,3804,1208,715],"_links":{"self":[{"href":"http:\/\/desarrollo.grupomedios.com\/futbol\/wp-json\/wp\/v2\/posts\/512419"}],"collection":[{"href":"http:\/\/desarrollo.grupomedios.com\/futbol\/wp-json\/wp\/v2\/posts"}],"about":[{"href":"http:\/\/desarrollo.grupomedios.com\/futbol\/wp-json\/wp\/v2\/types\/post"}],"author":[{"embeddable":true,"href":"http:\/\/desarrollo.grupomedios.com\/futbol\/wp-json\/wp\/v2\/users\/129"}],"replies":[{"embeddable":true,"href":"http:\/\/desarrollo.grupomedios.com\/futbol\/wp-json\/wp\/v2\/comments?post=512419"}],"version-history":[{"count":1,"href":"http:\/\/desarrollo.grupomedios.com\/futbol\/wp-json\/wp\/v2\/posts\/512419\/revisions"}],"predecessor-version":[{"id":512421,"href":"http:\/\/desarrollo.grupomedios.com\/futbol\/wp-json\/wp\/v2\/posts\/512419\/revisions\/512421"}],"wp:featuredmedia":[{"embeddable":true,"href":"http:\/\/desarrollo.grupomedios.com\/futbol\/wp-json\/wp\/v2\/media\/512343"}],"wp:attachment":[{"href":"http:\/\/desarrollo.grupomedios.com\/futbol\/wp-json\/wp\/v2\/media?parent=512419"}],"wp:term":[{"taxonomy":"category","embeddable":true,"href":"http:\/\/desarrollo.grupomedios.com\/futbol\/wp-json\/wp\/v2\/categories?post=512419"},{"taxonomy":"post_tag","embeddable":true,"href":"http:\/\/desarrollo.grupomedios.com\/futbol\/wp-json\/wp\/v2\/tags?post=512419"}],"curies":[{"name":"wp","href":"https:\/\/api.w.org\/{rel}","templated":true}]}}