{"id":512447,"date":"2017-12-19T10:49:30","date_gmt":"2017-12-19T16:49:30","guid":{"rendered":"https:\/\/www.futboltotal.com.mx\/?p=512447"},"modified":"2017-12-19T10:49:30","modified_gmt":"2017-12-19T16:49:30","slug":"borussia-dortmund-busca-a-maximiliano-romero-velez","status":"publish","type":"post","link":"http:\/\/desarrollo.grupomedios.com\/futbol\/futbol-internacional\/borussia-dortmund-busca-a-maximiliano-romero-velez\/2017\/12","title":{"rendered":"Borussia Dortmund busca a Maximiliano Romero de V\u00e9lez"},"content":{"rendered":"<p>El <strong>Borussia Dortmund<\/strong> est\u00e1 interesado en el fichaje del delantero argentino Maximiliano Romero, actualmente en las filas del Club Atl\u00e9tico V\u00e9lez Sarsfield, seg\u00fan informaciones coincidentes del popular diario <em>Bild<\/em>\u00a0y del rotativo regional <em>Ruhr Nachrichten<\/em>.<\/p>\n<p>De acuerdo con ambos medios, el nuevo t\u00e9cnico del club, <strong>Peter St\u00f6ger<\/strong>, quiere reforzar el equipo con el jugador argentino, de 18 a\u00f1os, y tambi\u00e9n con el suizo Manuel Akanki, del <strong>Basilea<\/strong>.<\/p>\n<p style=\"text-align: center;\"><span style=\"color: #3366ff;\"><a href=\"https:\/\/www.futboltotal.com.mx\/futbol-mexicano\/liga-mx\/america-esta-buscando-a-jeremy-menez\/2017\/12\">VER M\u00c1S: Am\u00e9rica est\u00e1 buscando al atacante J\u00e9r\u00e9my M\u00e9nez<\/a><\/span><\/p>\n<p>El austr\u00edaco St\u00f6ger lleg\u00f3 al club hace diez d\u00edas, procedente del <strong>Colonia<\/strong> y tras la destituci\u00f3n holand\u00e9s <strong>Peter Bosz<\/strong> como t\u00e9cnico del Dortmund, tras una racha de malos resultados del club de la cuenca del Ruhr en la Bundesliga.<\/p>\n<p>El pasado fin de semana, el Dortmund logr\u00f3 imponerse al Hoffenheim y salt\u00f3 as\u00ed a la tercera posici\u00f3n de la clasificaci\u00f3n de la Bundesliga, trece puntos por debajo del l\u00edder, el Bayern M\u00fanich, y a dos del segundo, el Schalke. EFE<\/p>\n","protected":false},"excerpt":{"rendered":"<p>Los alemanes quieren refuerzos para mejorar su temporada.<\/p>\n","protected":false},"author":129,"featured_media":512450,"comment_status":"closed","ping_status":"closed","sticky":false,"template":"","format":"standard","meta":[],"categories":[9808,3839],"tags":[6047,119,2907],"_links":{"self":[{"href":"http:\/\/desarrollo.grupomedios.com\/futbol\/wp-json\/wp\/v2\/posts\/512447"}],"collection":[{"href":"http:\/\/desarrollo.grupomedios.com\/futbol\/wp-json\/wp\/v2\/posts"}],"about":[{"href":"http:\/\/desarrollo.grupomedios.com\/futbol\/wp-json\/wp\/v2\/types\/post"}],"author":[{"embeddable":true,"href":"http:\/\/desarrollo.grupomedios.com\/futbol\/wp-json\/wp\/v2\/users\/129"}],"replies":[{"embeddable":true,"href":"http:\/\/desarrollo.grupomedios.com\/futbol\/wp-json\/wp\/v2\/comments?post=512447"}],"version-history":[{"count":1,"href":"http:\/\/desarrollo.grupomedios.com\/futbol\/wp-json\/wp\/v2\/posts\/512447\/revisions"}],"predecessor-version":[{"id":512455,"href":"http:\/\/desarrollo.grupomedios.com\/futbol\/wp-json\/wp\/v2\/posts\/512447\/revisions\/512455"}],"wp:featuredmedia":[{"embeddable":true,"href":"http:\/\/desarrollo.grupomedios.com\/futbol\/wp-json\/wp\/v2\/media\/512450"}],"wp:attachment":[{"href":"http:\/\/desarrollo.grupomedios.com\/futbol\/wp-json\/wp\/v2\/media?parent=512447"}],"wp:term":[{"taxonomy":"category","embeddable":true,"href":"http:\/\/desarrollo.grupomedios.com\/futbol\/wp-json\/wp\/v2\/categories?post=512447"},{"taxonomy":"post_tag","embeddable":true,"href":"http:\/\/desarrollo.grupomedios.com\/futbol\/wp-json\/wp\/v2\/tags?post=512447"}],"curies":[{"name":"wp","href":"https:\/\/api.w.org\/{rel}","templated":true}]}}