{"id":512460,"date":"2017-12-19T11:29:56","date_gmt":"2017-12-19T17:29:56","guid":{"rendered":"https:\/\/www.futboltotal.com.mx\/?p=512460"},"modified":"2017-12-19T11:29:56","modified_gmt":"2017-12-19T17:29:56","slug":"sorteo-libertadores-sudamericana-tendra-homenaje-a-pele-maradona","status":"publish","type":"post","link":"http:\/\/desarrollo.grupomedios.com\/futbol\/futbol-internacional\/sorteo-libertadores-sudamericana-tendra-homenaje-a-pele-maradona\/2017\/12","title":{"rendered":"Sorteo de Libertadores y Sudamericana tendr\u00e1 homenaje a Pel\u00e9 y Maradona"},"content":{"rendered":"<p>Los 101 equipos que estar\u00e1n en la <strong>Copa Libertadores<\/strong> y la <strong>Copa Sudamericana de 2018<\/strong> comenzar\u00e1n su camino en dichos torneos desde este mi\u00e9rcoles cuando se realice el sorteo de ambas competiciones en la sede de la <strong>Conmebol<\/strong> en Asunci\u00f3n, cuyo acto tendr\u00e1 como punto especial un homenaje a <strong>Pel\u00e9<\/strong> y a <strong>Diego Armando Maradona<\/strong>.<\/p>\n<p>Un total de 47 clubes de 10 pa\u00edses competir\u00e1n en la Libertadores, mientras que 54 equipos har\u00e1n lo propio en la Sudamericana. El <strong>Gremio<\/strong> brasile\u00f1o es el campe\u00f3n de la Libertadores 2017 y el Independiente argentino se coron\u00f3 este a\u00f1o en la Sudamericana.<\/p>\n<p>Los dos conjuntos estar\u00e1n en el sorteo de la Libertadores y ambos entrar\u00e1n de forma directa a la fase de grupos como ganadores de las competiciones de la Conmebol de este a\u00f1o.<\/p>\n<p style=\"text-align: center;\"><span style=\"color: #3366ff;\"><a href=\"https:\/\/www.futboltotal.com.mx\/futbol-mexicano\/liga-mx\/cruz-azul-necaxa-interesados-en-milton-casco\/2017\/12\">VER M\u00c1S: Cruz Azul y Necaxa, interesados en Milton Casco<\/a><\/span><\/p>\n<p>La temporada 2018 ser\u00e1 la segunda ocasi\u00f3n en que ambos torneos se disputen en formato anual, por lo que la Libertadores tendr\u00e1 tres fases previas con 19 equipos de los que tan solo cuatro clasificar\u00e1n para los ocho grupos compuestos por cuatro clubes cada uno.<\/p>\n<p>En el caso de la Sudamericana, ser\u00e1n 44 los equipos que se midan a partidos de ida y vuelta en la primera fase, para quedar 22 clasificados para segunda ronda, donde se sumar\u00e1n los otros diez que caigan desde la Libertadores.<\/p>\n<p>Ambas competiciones acoger\u00e1n a equipos de <strong>Argentina, Brasil, Bolivia, Chile, Colombia, Ecuador, Paraguay, Per\u00fa, Uruguay<\/strong> y <strong>Venezuela<\/strong>.<\/p>\n<p>El sorteo se celebrar\u00e1 en la sede del m\u00e1ximo organismo del f\u00fatbol Sudamericano y contar\u00e1 con un discurso del presidente de la Conmebol, Alejandro Dom\u00ednguez, quien abrir\u00e1 la gala nocturna.<\/p>\n<p>Adem\u00e1s, como punto especial del evento, m\u00e1s all\u00e1 de los dos sorteos, la Conmebol anunci\u00f3 que se llevar\u00e1 a cabo un homenaje a dos exfutbolistas considerados por muchos los mejores jugadores de este deporte: el brasile\u00f1o <strong>Edson Arantes do Nascimento<\/strong>, <strong>Pel\u00e9<\/strong>, y el argentino Diego Armando Maradona.<\/p>\n<p>Sin embargo, no est\u00e1 confirmada la presencia de ninguno de ellos en el acto.<\/p>\n","protected":false},"excerpt":{"rendered":"<p>El sorteo definir\u00e1 a los grupos para su edici\u00f3n 2018.<\/p>\n","protected":false},"author":129,"featured_media":512461,"comment_status":"closed","ping_status":"closed","sticky":false,"template":"","format":"standard","meta":[],"categories":[3859,3839],"tags":[1396,2092],"_links":{"self":[{"href":"http:\/\/desarrollo.grupomedios.com\/futbol\/wp-json\/wp\/v2\/posts\/512460"}],"collection":[{"href":"http:\/\/desarrollo.grupomedios.com\/futbol\/wp-json\/wp\/v2\/posts"}],"about":[{"href":"http:\/\/desarrollo.grupomedios.com\/futbol\/wp-json\/wp\/v2\/types\/post"}],"author":[{"embeddable":true,"href":"http:\/\/desarrollo.grupomedios.com\/futbol\/wp-json\/wp\/v2\/users\/129"}],"replies":[{"embeddable":true,"href":"http:\/\/desarrollo.grupomedios.com\/futbol\/wp-json\/wp\/v2\/comments?post=512460"}],"version-history":[{"count":1,"href":"http:\/\/desarrollo.grupomedios.com\/futbol\/wp-json\/wp\/v2\/posts\/512460\/revisions"}],"predecessor-version":[{"id":512462,"href":"http:\/\/desarrollo.grupomedios.com\/futbol\/wp-json\/wp\/v2\/posts\/512460\/revisions\/512462"}],"wp:featuredmedia":[{"embeddable":true,"href":"http:\/\/desarrollo.grupomedios.com\/futbol\/wp-json\/wp\/v2\/media\/512461"}],"wp:attachment":[{"href":"http:\/\/desarrollo.grupomedios.com\/futbol\/wp-json\/wp\/v2\/media?parent=512460"}],"wp:term":[{"taxonomy":"category","embeddable":true,"href":"http:\/\/desarrollo.grupomedios.com\/futbol\/wp-json\/wp\/v2\/categories?post=512460"},{"taxonomy":"post_tag","embeddable":true,"href":"http:\/\/desarrollo.grupomedios.com\/futbol\/wp-json\/wp\/v2\/tags?post=512460"}],"curies":[{"name":"wp","href":"https:\/\/api.w.org\/{rel}","templated":true}]}}