{"id":512470,"date":"2017-12-19T13:45:14","date_gmt":"2017-12-19T19:45:14","guid":{"rendered":"https:\/\/www.futboltotal.com.mx\/?p=512470"},"modified":"2017-12-19T13:45:14","modified_gmt":"2017-12-19T19:45:14","slug":"club-leon-ve-dificil-regreso-matias-britos","status":"publish","type":"post","link":"http:\/\/desarrollo.grupomedios.com\/futbol\/futbol-mexicano\/club-leon-ve-dificil-regreso-matias-britos\/2017\/12","title":{"rendered":"Club Le\u00f3n ve dif\u00edcil regreso de Mat\u00edas Britos"},"content":{"rendered":"<p><strong>POR: STAFF FT<\/strong><\/p>\n<p>El <strong>Club Le\u00f3n<\/strong> buscaba con \u00edmpetu al delantero actualmente del <strong>Al-Hilal, Mat\u00edas Britos<\/strong> para reforzarse con \u00e9l de cara al <strong>Clausura 2018<\/strong>, sin embargo no ha logrado concretarse y cada vez se vislumbra m\u00e1s lejano, aunado a que el grupo ya lleva trabajando dos semanas en pretemporada.<\/p>\n<p><strong>&#8220;Hay muchos factores, hay negociaciones de por medio, clubes de por medio, est\u00e1n los salarios y transferencias, los pr\u00e9stamos, no es un factor solamente. Ayer recib\u00ed una llamada y se complic\u00f3 mucho, se traba&#8221;<\/strong>, dijo Gustavo D\u00edaz, entrenador de La Fiera, quien si deseaba contar con el charr\u00faa para apuntalar su delantera.<\/p>\n<p style=\"text-align: center;\"><a href=\"https:\/\/www.futboltotal.com.mx\/futbol-mexicano\/liga-mx\/america-esta-buscando-a-jeremy-menez\/2017\/12\">VER M\u00c1S: Am\u00e9rica est\u00e1 buscando al atacante J\u00e9r\u00e9my M\u00e9nez<\/a><\/p>\n<p>\u00a0&#8220;Entiendo la necesidad de la afici\u00f3n por el tema de refuerzos, puedo decirle que lo que se est\u00e1 buscando es importante, hay que tener paciencia. Debemos tener capacidad para saber buscar y tambi\u00e9n trabajar con lo que tenemos, que es muy bueno&#8221;, expres\u00f3 el estratega, pues los <strong>Panzas Verdes <\/strong>no han logrado concretar refuerzos extranjeros.<\/p>\n<p><strong>Mat\u00edas Britos<\/strong> logr\u00f3 ser bicampe\u00f3n de M\u00e9xico con el Le\u00f3n, posteriormente pas\u00f3 a ser jugador de los <strong>Pumas de la UNAM<\/strong>, equipo donde a pesar de no lograr un t\u00edtulo dej\u00f3 una huella importante; ahora que su equipo ya no contar\u00e1 con \u00e9l en los <strong>Emiratos \u00c1rabes Unidos<\/strong> se pensaba que podr\u00eda darse un regreso a la <strong>Liga MX<\/strong>.<\/p>\n<p style=\"text-align: center;\"><a href=\"https:\/\/www.futboltotal.com.mx\/futbol-mexicano\/liga-mx\/chacho-coudet-quiere-2-piezas-xolos-racing\/2017\/12\">VER M\u00c1S: Chacho Coudet quiere 2 piezas de Xolos para Racing<\/a><\/p>\n","protected":false},"excerpt":{"rendered":"<p>El uruguayo no tendr\u00eda su regreso a la Liga MX<\/p>\n","protected":false},"author":159,"featured_media":512471,"comment_status":"closed","ping_status":"closed","sticky":false,"template":"","format":"standard","meta":[],"categories":[2198,3845],"tags":[9028,506,64,436],"_links":{"self":[{"href":"http:\/\/desarrollo.grupomedios.com\/futbol\/wp-json\/wp\/v2\/posts\/512470"}],"collection":[{"href":"http:\/\/desarrollo.grupomedios.com\/futbol\/wp-json\/wp\/v2\/posts"}],"about":[{"href":"http:\/\/desarrollo.grupomedios.com\/futbol\/wp-json\/wp\/v2\/types\/post"}],"author":[{"embeddable":true,"href":"http:\/\/desarrollo.grupomedios.com\/futbol\/wp-json\/wp\/v2\/users\/159"}],"replies":[{"embeddable":true,"href":"http:\/\/desarrollo.grupomedios.com\/futbol\/wp-json\/wp\/v2\/comments?post=512470"}],"version-history":[{"count":1,"href":"http:\/\/desarrollo.grupomedios.com\/futbol\/wp-json\/wp\/v2\/posts\/512470\/revisions"}],"predecessor-version":[{"id":512472,"href":"http:\/\/desarrollo.grupomedios.com\/futbol\/wp-json\/wp\/v2\/posts\/512470\/revisions\/512472"}],"wp:featuredmedia":[{"embeddable":true,"href":"http:\/\/desarrollo.grupomedios.com\/futbol\/wp-json\/wp\/v2\/media\/512471"}],"wp:attachment":[{"href":"http:\/\/desarrollo.grupomedios.com\/futbol\/wp-json\/wp\/v2\/media?parent=512470"}],"wp:term":[{"taxonomy":"category","embeddable":true,"href":"http:\/\/desarrollo.grupomedios.com\/futbol\/wp-json\/wp\/v2\/categories?post=512470"},{"taxonomy":"post_tag","embeddable":true,"href":"http:\/\/desarrollo.grupomedios.com\/futbol\/wp-json\/wp\/v2\/tags?post=512470"}],"curies":[{"name":"wp","href":"https:\/\/api.w.org\/{rel}","templated":true}]}}