{"id":512482,"date":"2017-12-19T14:55:24","date_gmt":"2017-12-19T20:55:24","guid":{"rendered":"https:\/\/www.futboltotal.com.mx\/?p=512482"},"modified":"2017-12-19T14:55:24","modified_gmt":"2017-12-19T20:55:24","slug":"santos-laguna-busca-al-argentino-federico-mancuello","status":"publish","type":"post","link":"http:\/\/desarrollo.grupomedios.com\/futbol\/futbol-mexicano\/santos-laguna-busca-al-argentino-federico-mancuello\/2017\/12","title":{"rendered":"Santos Laguna busca al argentino Federico Mancuello"},"content":{"rendered":"<p><strong>POR: STAFF FT<\/strong><\/p>\n<p><strong>Santos Laguna<\/strong> de igual manera se encuentra buscando a los refuerzos para el <strong>Clausura 2018<\/strong> y buscar\u00eda al mediocampista argentino,\u00a0<b>Federico Mancuello, <\/b>que actualmente milita en el\u00a0<b>Flamengo de Brasil\u00a0<\/b>y la directiva de los Guerreros\u00a0encabezada por\u00a0<b>Alejandro Irarragorri y Jos\u00e9 Riestra <\/b>ya se han puesto en contacto con el representante del futbolista.<\/p>\n<p>De acuerdo a mediotiempo, el mediocampista estar\u00eda ya en contactos formales con la directiva lagunera y luego de dos a\u00f1os estar\u00eda poniendo fin a su estancia en el equipo brasile\u00f1o, donde ha sumado <strong>29 partidos y logr\u00f3 anotar cinco goles y dar dos asistencias;<\/strong> este 2017 tuvo pocos minutos en el terreno de juego, solo vio acci\u00f3n en ocho juegos.<\/p>\n<p style=\"text-align: center;\"><a href=\"https:\/\/www.futboltotal.com.mx\/futbol-mexicano\/liga-mx\/america-esta-buscando-a-jeremy-menez\/2017\/12\">VER M\u00c1S: Am\u00e9rica est\u00e1 buscando al atacante J\u00e9r\u00e9my M\u00e9nez<\/a><\/p>\n<p>El mediocampista de <strong>28 a\u00f1os<\/strong> es un futbolista polifac\u00e9tico pues puede jugar como\u00a0volante, lateral, extremo y delantero en el perfil izquierdo, al futbolista le quedan dos a\u00f1os de contrato pero no parece tener la disposici\u00f3n de cumplirlos, luego de tener poca actividad y estar buscando nuevos aires.<\/p>\n<p>En Argentina ha jugado con dos equipos; <strong>Belgrano e Independiente de Avellaneda<\/strong> en dos ocasiones.<\/p>\n<p style=\"text-align: center;\"><a href=\"https:\/\/www.futboltotal.com.mx\/futbol-mexicano\/liga-mx\/club-leon-ve-dificil-regreso-matias-britos\/2017\/12\">VER M\u00c1S: Club Le\u00f3n ve dif\u00edcil regreso de Mat\u00edas Britos<\/a><\/p>\n<div class=\"body is-zoomable\"><\/div>\n","protected":false},"excerpt":{"rendered":"<p>El cuadro lagunero espera reforzarse con el mediocampista del Flamengo<\/p>\n","protected":false},"author":159,"featured_media":512484,"comment_status":"closed","ping_status":"closed","sticky":false,"template":"","format":"standard","meta":[],"categories":[2198,3845],"tags":[6580,755,64,174],"_links":{"self":[{"href":"http:\/\/desarrollo.grupomedios.com\/futbol\/wp-json\/wp\/v2\/posts\/512482"}],"collection":[{"href":"http:\/\/desarrollo.grupomedios.com\/futbol\/wp-json\/wp\/v2\/posts"}],"about":[{"href":"http:\/\/desarrollo.grupomedios.com\/futbol\/wp-json\/wp\/v2\/types\/post"}],"author":[{"embeddable":true,"href":"http:\/\/desarrollo.grupomedios.com\/futbol\/wp-json\/wp\/v2\/users\/159"}],"replies":[{"embeddable":true,"href":"http:\/\/desarrollo.grupomedios.com\/futbol\/wp-json\/wp\/v2\/comments?post=512482"}],"version-history":[{"count":1,"href":"http:\/\/desarrollo.grupomedios.com\/futbol\/wp-json\/wp\/v2\/posts\/512482\/revisions"}],"predecessor-version":[{"id":512485,"href":"http:\/\/desarrollo.grupomedios.com\/futbol\/wp-json\/wp\/v2\/posts\/512482\/revisions\/512485"}],"wp:featuredmedia":[{"embeddable":true,"href":"http:\/\/desarrollo.grupomedios.com\/futbol\/wp-json\/wp\/v2\/media\/512484"}],"wp:attachment":[{"href":"http:\/\/desarrollo.grupomedios.com\/futbol\/wp-json\/wp\/v2\/media?parent=512482"}],"wp:term":[{"taxonomy":"category","embeddable":true,"href":"http:\/\/desarrollo.grupomedios.com\/futbol\/wp-json\/wp\/v2\/categories?post=512482"},{"taxonomy":"post_tag","embeddable":true,"href":"http:\/\/desarrollo.grupomedios.com\/futbol\/wp-json\/wp\/v2\/tags?post=512482"}],"curies":[{"name":"wp","href":"https:\/\/api.w.org\/{rel}","templated":true}]}}