{"id":512483,"date":"2017-12-19T15:06:21","date_gmt":"2017-12-19T21:06:21","guid":{"rendered":"https:\/\/www.futboltotal.com.mx\/?p=512483"},"modified":"2017-12-19T15:06:21","modified_gmt":"2017-12-19T21:06:21","slug":"eden-hazard-fichaje-numero-uno-del-real-madrid-en-2018-medios","status":"publish","type":"post","link":"http:\/\/desarrollo.grupomedios.com\/futbol\/futbol-internacional\/eden-hazard-fichaje-numero-uno-del-real-madrid-en-2018-medios\/2017\/12","title":{"rendered":"Eden Hazard, el fichaje n\u00famero uno del Real Madrid en 2018: medios"},"content":{"rendered":"<p><strong>POR: STAFF FT<\/strong><\/p>\n<p>Los medios brit\u00e1nicos han dado a conocer que <strong>Eden Hazard<\/strong> se convertir\u00e1 en el primer fichaje del <strong>Real Madrid<\/strong> para la siguiente temporada.<\/p>\n<p>En especial, el <em>Daily Mail\u00a0<\/em>confirm\u00f3 que <strong>Zinedine Zidane<\/strong> quiere fichar a como d\u00e9 lugar al centrocampista belga para que sea su flamante refuerzo.<\/p>\n<p>Hazard ha sido motivo de menci\u00f3n en a\u00f1os anteriores para llegar a la escuadra madridista, pero por diversas razones se ha visto complicada la transacci\u00f3n con el <strong>Chelsea<\/strong>.<\/p>\n<p style=\"text-align: center;\"><span style=\"color: #333399;\"><a href=\"https:\/\/www.futboltotal.com.mx\/futbol-internacional\/arsenal-everton-pelearian-chucky-lozano\/2017\/12\">VER M\u00c1S: <span class=\"item-title\">Arsenal y Everton pelear\u00edan por Chucky Lozano<\/span><\/a><\/span><\/p>\n<p>Por otro lado, uno de los futbolistas que podr\u00eda salir de la instituci\u00f3n merengue ser\u00eda <strong>Marco Asensio<\/strong>, quien ha destacado en la \u00faltima temporada y se convertir\u00eda en objeto de deseo de varios clubes como el <strong>Manchester City<\/strong>.<\/p>\n<p>&nbsp;<\/p>\n","protected":false},"excerpt":{"rendered":"<p>El futbolista belga es el principal objeto de deseo<\/p>\n","protected":false},"author":160,"featured_media":512486,"comment_status":"closed","ping_status":"closed","sticky":false,"template":"","format":"standard","meta":[],"categories":[3839,3844,3846],"tags":[5981,6058,5988],"_links":{"self":[{"href":"http:\/\/desarrollo.grupomedios.com\/futbol\/wp-json\/wp\/v2\/posts\/512483"}],"collection":[{"href":"http:\/\/desarrollo.grupomedios.com\/futbol\/wp-json\/wp\/v2\/posts"}],"about":[{"href":"http:\/\/desarrollo.grupomedios.com\/futbol\/wp-json\/wp\/v2\/types\/post"}],"author":[{"embeddable":true,"href":"http:\/\/desarrollo.grupomedios.com\/futbol\/wp-json\/wp\/v2\/users\/160"}],"replies":[{"embeddable":true,"href":"http:\/\/desarrollo.grupomedios.com\/futbol\/wp-json\/wp\/v2\/comments?post=512483"}],"version-history":[{"count":1,"href":"http:\/\/desarrollo.grupomedios.com\/futbol\/wp-json\/wp\/v2\/posts\/512483\/revisions"}],"predecessor-version":[{"id":512487,"href":"http:\/\/desarrollo.grupomedios.com\/futbol\/wp-json\/wp\/v2\/posts\/512483\/revisions\/512487"}],"wp:featuredmedia":[{"embeddable":true,"href":"http:\/\/desarrollo.grupomedios.com\/futbol\/wp-json\/wp\/v2\/media\/512486"}],"wp:attachment":[{"href":"http:\/\/desarrollo.grupomedios.com\/futbol\/wp-json\/wp\/v2\/media?parent=512483"}],"wp:term":[{"taxonomy":"category","embeddable":true,"href":"http:\/\/desarrollo.grupomedios.com\/futbol\/wp-json\/wp\/v2\/categories?post=512483"},{"taxonomy":"post_tag","embeddable":true,"href":"http:\/\/desarrollo.grupomedios.com\/futbol\/wp-json\/wp\/v2\/tags?post=512483"}],"curies":[{"name":"wp","href":"https:\/\/api.w.org\/{rel}","templated":true}]}}