{"id":512542,"date":"2017-12-20T09:09:03","date_gmt":"2017-12-20T15:09:03","guid":{"rendered":"https:\/\/www.futboltotal.com.mx\/?p=512542"},"modified":"2017-12-20T09:09:03","modified_gmt":"2017-12-20T15:09:03","slug":"cruz-azul-desea-al-argentino-pulpo-gonzalez","status":"publish","type":"post","link":"http:\/\/desarrollo.grupomedios.com\/futbol\/futbol-mexicano\/cruz-azul-desea-al-argentino-pulpo-gonzalez\/2017\/12","title":{"rendered":"Cruz Azul desea al argentino &#8216;Pulpo&#8217; Gonz\u00e1lez"},"content":{"rendered":"<p><strong>POR: STAFF FT<\/strong><\/p>\n<p>Con la llegada del portugu\u00e9s,<strong> Pedro Caixinha<\/strong> al banquillo de <a href=\"https:\/\/www.futboltotal.com.mx\/futbol-mexicano\/liga-mx\/paco-jemez-se-llevaria-a-mexicano-futbol-espana\/2017\/12\" target=\"_blank\" rel=\"noopener\"><strong>Cruz Azul<\/strong><\/a>, dej\u00f3 ir a varios futbolistas con los que ya no contar\u00e1 y por otro lado est\u00e1 en busca de gente de confianza para que llegue a reforzar al cuadro cementero de cara al<strong> Clausura 2018<\/strong>, uno de ellos vendr\u00eda desde Argentina y ser\u00eda un viejo conocido de la <strong>Liga MX.<\/strong><\/p>\n<p>Se trata de <strong>Diego Hern\u00e1nd Gonz\u00e1lez<\/strong>, mejor conocido como el<strong> &#8216;Pulpo&#8217;<\/strong>, quien estar\u00eda en la mira de <a href=\"https:\/\/www.futboltotal.com.mx\/futbol-mexicano\/liga-mx\/conejo-perez-deseaba-retirarse-con-cruz-azul\/2017\/12\" target=\"_blank\" rel=\"noopener\"><strong>La M\u00e1quina<\/strong><\/a> y sobre todo de su nuevo entrenador para reforzar a su equipo. Actualmente el mediocampista milita en<strong> Racing de Avellaneda<\/strong> de su pa\u00eds pero estar\u00eda regresando a M\u00e9xico en 2018.<\/p>\n<p style=\"text-align: center;\"><a href=\"https:\/\/www.futboltotal.com.mx\/futbol-mexicano\/liga-mx\/wanchope-abila-le-cierra-las-puertas-al-america\/2017\/12\" target=\"_blank\" rel=\"noopener\">VER M\u00c1S: Wanchope \u00c1bila le cierra las puertas al Am\u00e9rica<\/a><\/p>\n<p>De acuerdo a varios medios en argentina, indican que el cuadro mexicano ya<strong> pregunt\u00f3 por los servicios del futbolista<\/strong> y se encuentran analizando si realizar\u00e1n una oferta formal, ya que este no ser\u00eda el \u00fanico futbolista Sudamericano que tienen en la mira.<\/p>\n<p>El argentino jug\u00f3 en M\u00e9xico con <strong>Santos Laguna<\/strong> durante el 2015 y 2016, gan\u00f3 una<strong> Liga MX<\/strong>, una <strong>Copa MX<\/strong> y un <strong>Campe\u00f3n de Campeones<\/strong>. En su nueva etapa con Racing ha disputado <strong>34 partidos<\/strong> y ha logrado anotar <strong>9 goles<\/strong>, aunque en el \u00faltimo semestre no ha tenido mucha actividad.<\/p>\n<p style=\"text-align: center;\"><a href=\"https:\/\/www.futboltotal.com.mx\/futbol-mexicano\/liga-mx\/santos-laguna-busca-al-argentino-federico-mancuello\/2017\/12\" target=\"_blank\" rel=\"noopener\">VER M\u00c1S: Santos Laguna va por Federico Mancuello de Flamengo<\/a><\/p>\n<p>&nbsp;<\/p>\n","protected":false},"excerpt":{"rendered":"<p>El argentino podr\u00eda tener su segunda etapa en M\u00e9xico<\/p>\n","protected":false},"author":159,"featured_media":512543,"comment_status":"closed","ping_status":"closed","sticky":false,"template":"","format":"standard","meta":[],"categories":[2198,3845],"tags":[9028,5962,11391,64,11392,2008],"_links":{"self":[{"href":"http:\/\/desarrollo.grupomedios.com\/futbol\/wp-json\/wp\/v2\/posts\/512542"}],"collection":[{"href":"http:\/\/desarrollo.grupomedios.com\/futbol\/wp-json\/wp\/v2\/posts"}],"about":[{"href":"http:\/\/desarrollo.grupomedios.com\/futbol\/wp-json\/wp\/v2\/types\/post"}],"author":[{"embeddable":true,"href":"http:\/\/desarrollo.grupomedios.com\/futbol\/wp-json\/wp\/v2\/users\/159"}],"replies":[{"embeddable":true,"href":"http:\/\/desarrollo.grupomedios.com\/futbol\/wp-json\/wp\/v2\/comments?post=512542"}],"version-history":[{"count":1,"href":"http:\/\/desarrollo.grupomedios.com\/futbol\/wp-json\/wp\/v2\/posts\/512542\/revisions"}],"predecessor-version":[{"id":512544,"href":"http:\/\/desarrollo.grupomedios.com\/futbol\/wp-json\/wp\/v2\/posts\/512542\/revisions\/512544"}],"wp:featuredmedia":[{"embeddable":true,"href":"http:\/\/desarrollo.grupomedios.com\/futbol\/wp-json\/wp\/v2\/media\/512543"}],"wp:attachment":[{"href":"http:\/\/desarrollo.grupomedios.com\/futbol\/wp-json\/wp\/v2\/media?parent=512542"}],"wp:term":[{"taxonomy":"category","embeddable":true,"href":"http:\/\/desarrollo.grupomedios.com\/futbol\/wp-json\/wp\/v2\/categories?post=512542"},{"taxonomy":"post_tag","embeddable":true,"href":"http:\/\/desarrollo.grupomedios.com\/futbol\/wp-json\/wp\/v2\/tags?post=512542"}],"curies":[{"name":"wp","href":"https:\/\/api.w.org\/{rel}","templated":true}]}}