{"id":512552,"date":"2017-12-20T09:52:59","date_gmt":"2017-12-20T15:52:59","guid":{"rendered":"https:\/\/www.futboltotal.com.mx\/?p=512552"},"modified":"2017-12-20T09:52:59","modified_gmt":"2017-12-20T15:52:59","slug":"dorlan-pabon-tendria-las-horas-contadas-rayados","status":"publish","type":"post","link":"http:\/\/desarrollo.grupomedios.com\/futbol\/futbol-mexicano\/dorlan-pabon-tendria-las-horas-contadas-rayados\/2017\/12","title":{"rendered":"Dorlan Pab\u00f3n tendr\u00eda las horas contadas con Rayados"},"content":{"rendered":"<p><strong>POR: STAFF FT<\/strong><\/p>\n<p>El delantero colombiano, <strong>Dorlan Pab\u00f3n<\/strong> tendr\u00eda las horas contadas con el cuadro de <strong>Rayados de Monterrey<\/strong>, pues en los \u00faltimos d\u00edas se ha manejado su posible salida del club y a pesar que podr\u00eda continuar en la <a href=\"https:\/\/www.futboltotal.com.mx\/futbol-mexicano\/liga-mx\/lo-mejor-2017-11-ideal-del-futbol-nacional\/2017\/12\" target=\"_blank\" rel=\"noopener\"><strong>Liga MX<\/strong><\/a>, la realidad es que han surgido ofertas de Colombia y Argentina que lo podr\u00edan alejar de M\u00e9xico.<\/p>\n<p style=\"text-align: center;\"><a href=\"https:\/\/www.futboltotal.com.mx\/futbol-mexicano\/liga-mx\/cruz-azul-desea-al-argentino-pulpo-gonzalez\/2017\/12\" target=\"_blank\" rel=\"noopener\">VER M\u00c1S: Cruz Azul desea regresar al Pulpo Gonz\u00e1lez<\/a><\/p>\n<p>De acuerdo a Antena 2, el colombiano tiene la posibilidad de ir a <strong>Atl\u00e9tico Nacional<\/strong>, el medio indica que en este momento est\u00e1 buscando llegar a un acuerdo con los <strong>Tuzos de Pachuca<\/strong>, pero de no concretarse estar\u00eda regresando al conjunto<strong> &#8216;Verdolaga&#8217;<\/strong> como refuerzo de lujo para la <strong>Copa Libertadores<\/strong>. Con el equipo colombiano ya milit\u00f3 de 2010 a 2012, por lo que no ven con malos ojos su llegada.<\/p>\n<p>Por otro lado, de acuerdo al portal TN de Argentina, el estratega de<strong> San Lorenzo de Almagro<\/strong>,\u00a0<strong>Claudio Biaggio<\/strong>, desea un mediapunta para su equipo y el nombre de Dorlan Pab\u00f3n ha salido a relucir, por lo que el destino del jugador podr\u00eda estar en la liga de Argentina el pr\u00f3ximo semestre, lo que parece casi un hecho es que no se quedar\u00e1 con los regiomontanos.<\/p>\n<p style=\"text-align: center;\"><a href=\"https:\/\/www.futboltotal.com.mx\/futbol-mexicano\/liga-mx\/agustin-marchesin-desea-retirarse-en-lanus\/2017\/12\" target=\"_blank\" rel=\"noopener\">VER M\u00c1S: Agust\u00edn Marches\u00edn revel\u00f3 el club donde desea retirarse<\/a><\/p>\n","protected":false},"excerpt":{"rendered":"<p>El colombiano tiene dos ofertas en el extranjero para dejar la Liga MX<\/p>\n","protected":false},"author":159,"featured_media":512554,"comment_status":"closed","ping_status":"closed","sticky":false,"template":"","format":"standard","meta":[],"categories":[2198,3845],"tags":[2075,2612,1329,330,3408],"_links":{"self":[{"href":"http:\/\/desarrollo.grupomedios.com\/futbol\/wp-json\/wp\/v2\/posts\/512552"}],"collection":[{"href":"http:\/\/desarrollo.grupomedios.com\/futbol\/wp-json\/wp\/v2\/posts"}],"about":[{"href":"http:\/\/desarrollo.grupomedios.com\/futbol\/wp-json\/wp\/v2\/types\/post"}],"author":[{"embeddable":true,"href":"http:\/\/desarrollo.grupomedios.com\/futbol\/wp-json\/wp\/v2\/users\/159"}],"replies":[{"embeddable":true,"href":"http:\/\/desarrollo.grupomedios.com\/futbol\/wp-json\/wp\/v2\/comments?post=512552"}],"version-history":[{"count":1,"href":"http:\/\/desarrollo.grupomedios.com\/futbol\/wp-json\/wp\/v2\/posts\/512552\/revisions"}],"predecessor-version":[{"id":512555,"href":"http:\/\/desarrollo.grupomedios.com\/futbol\/wp-json\/wp\/v2\/posts\/512552\/revisions\/512555"}],"wp:featuredmedia":[{"embeddable":true,"href":"http:\/\/desarrollo.grupomedios.com\/futbol\/wp-json\/wp\/v2\/media\/512554"}],"wp:attachment":[{"href":"http:\/\/desarrollo.grupomedios.com\/futbol\/wp-json\/wp\/v2\/media?parent=512552"}],"wp:term":[{"taxonomy":"category","embeddable":true,"href":"http:\/\/desarrollo.grupomedios.com\/futbol\/wp-json\/wp\/v2\/categories?post=512552"},{"taxonomy":"post_tag","embeddable":true,"href":"http:\/\/desarrollo.grupomedios.com\/futbol\/wp-json\/wp\/v2\/tags?post=512552"}],"curies":[{"name":"wp","href":"https:\/\/api.w.org\/{rel}","templated":true}]}}