{"id":512553,"date":"2017-12-20T10:05:03","date_gmt":"2017-12-20T16:05:03","guid":{"rendered":"https:\/\/www.futboltotal.com.mx\/?p=512553"},"modified":"2017-12-20T10:05:03","modified_gmt":"2017-12-20T16:05:03","slug":"malaga-se-roba-a-manuel-iturra-del-necaxa","status":"publish","type":"post","link":"http:\/\/desarrollo.grupomedios.com\/futbol\/futbol-internacional\/malaga-se-roba-a-manuel-iturra-del-necaxa\/2017\/12","title":{"rendered":"M\u00e1laga se roba a Manuel Iturra del Necaxa"},"content":{"rendered":"<p>Luego de buenas participaciones en la <strong>Liga MX<\/strong>, el <strong>M\u00e1laga<\/strong> se ha robado al chileno <strong>Manuel Iturra<\/strong>, quien milit\u00f3 en los <strong>Rayos del Necaxa<\/strong> y apartir de enero lo har\u00e1 en <strong>LaLiga<\/strong>.<\/p>\n<p>El mediocampista no es nuevo a esta aventura, puesto que milit\u00f3 con los Boquerones en la temporada 2012-13, a donde lleg\u00f3 procedente de la <strong>U. de Chile<\/strong> para despu\u00e9s jugar con <strong>Granada, Udinese y Rayo Vallecano<\/strong>.<\/p>\n<p style=\"text-align: center;\"><span style=\"color: #3366ff;\"><a href=\"https:\/\/www.futboltotal.com.mx\/futbol-mexicano\/liga-mx\/agustin-marchesin-desea-retirarse-en-lanus\/2017\/12\">VER M\u00c1S: Agust\u00edn Marches\u00edn desea retirarse en Lan\u00fas<\/a><\/span><\/p>\n<p>Iturra se sum\u00f3 al Necaxa para el <strong>Apertura 2016<\/strong> y jug\u00f3 47 partidos en el club, sin registrar goles y hoy se marcha como jugador libre.<\/p>\n<p>Su regreso al M\u00e1laga ha generado comentarios negativos en las redes sociales, donde precisamente el club espa\u00f1ol le anunci\u00f3 este martes y donde lo califican de \u201cmercenario\u201d y \u201cmiserable\u201d.<\/p>\n<blockquote class=\"twitter-tweet\" data-width=\"500\">\n<p lang=\"es\" dir=\"ltr\">MCFNews| \u00a1<a href=\"https:\/\/twitter.com\/iturra_colocho?ref_src=twsrc%5Etfw\">@iturra_colocho<\/a> vuelve hoy a entrenar en su regreso como blanquiazul! \u00a1Bienvenido de nuevo! <a href=\"https:\/\/twitter.com\/hashtag\/NuevaEtapa?src=hash&amp;ref_src=twsrc%5Etfw\">#NuevaEtapa<\/a>  <a href=\"https:\/\/twitter.com\/hashtag\/Fichaje?src=hash&amp;ref_src=twsrc%5Etfw\">#Fichaje<\/a> \u27a1\ufe0f\u00a0<a href=\"https:\/\/t.co\/2igdRYVWcY\">https:\/\/t.co\/2igdRYVWcY<\/a> <a href=\"https:\/\/t.co\/hbAe94xj47\">pic.twitter.com\/hbAe94xj47<\/a><\/p>\n<p>&mdash; M\u00e1laga CF (@MalagaCF) <a href=\"https:\/\/twitter.com\/MalagaCF\/status\/943072276274204672?ref_src=twsrc%5Etfw\">December 19, 2017<\/a><\/p><\/blockquote>\n<p><script async src=\"https:\/\/platform.twitter.com\/widgets.js\" charset=\"utf-8\"><\/script><\/p>\n","protected":false},"excerpt":{"rendered":"<p>El chileno tendr\u00e1 su segunda oportunidad en Espa\u00f1a.<\/p>\n","protected":false},"author":129,"featured_media":512557,"comment_status":"closed","ping_status":"closed","sticky":false,"template":"","format":"standard","meta":[],"categories":[3839,3844],"tags":[6214,11395,6114,64,306,261],"_links":{"self":[{"href":"http:\/\/desarrollo.grupomedios.com\/futbol\/wp-json\/wp\/v2\/posts\/512553"}],"collection":[{"href":"http:\/\/desarrollo.grupomedios.com\/futbol\/wp-json\/wp\/v2\/posts"}],"about":[{"href":"http:\/\/desarrollo.grupomedios.com\/futbol\/wp-json\/wp\/v2\/types\/post"}],"author":[{"embeddable":true,"href":"http:\/\/desarrollo.grupomedios.com\/futbol\/wp-json\/wp\/v2\/users\/129"}],"replies":[{"embeddable":true,"href":"http:\/\/desarrollo.grupomedios.com\/futbol\/wp-json\/wp\/v2\/comments?post=512553"}],"version-history":[{"count":1,"href":"http:\/\/desarrollo.grupomedios.com\/futbol\/wp-json\/wp\/v2\/posts\/512553\/revisions"}],"predecessor-version":[{"id":512558,"href":"http:\/\/desarrollo.grupomedios.com\/futbol\/wp-json\/wp\/v2\/posts\/512553\/revisions\/512558"}],"wp:featuredmedia":[{"embeddable":true,"href":"http:\/\/desarrollo.grupomedios.com\/futbol\/wp-json\/wp\/v2\/media\/512557"}],"wp:attachment":[{"href":"http:\/\/desarrollo.grupomedios.com\/futbol\/wp-json\/wp\/v2\/media?parent=512553"}],"wp:term":[{"taxonomy":"category","embeddable":true,"href":"http:\/\/desarrollo.grupomedios.com\/futbol\/wp-json\/wp\/v2\/categories?post=512553"},{"taxonomy":"post_tag","embeddable":true,"href":"http:\/\/desarrollo.grupomedios.com\/futbol\/wp-json\/wp\/v2\/tags?post=512553"}],"curies":[{"name":"wp","href":"https:\/\/api.w.org\/{rel}","templated":true}]}}