{"id":512568,"date":"2017-12-20T11:34:40","date_gmt":"2017-12-20T17:34:40","guid":{"rendered":"https:\/\/www.futboltotal.com.mx\/?p=512568"},"modified":"2017-12-20T11:46:56","modified_gmt":"2017-12-20T17:46:56","slug":"independiente-quiere-a-matias-almeyda-nuevo-dt","status":"publish","type":"post","link":"http:\/\/desarrollo.grupomedios.com\/futbol\/destacado-home\/independiente-quiere-a-matias-almeyda-nuevo-dt\/2017\/12","title":{"rendered":"Independiente quiere a Matias Almeyda como nuevo DT"},"content":{"rendered":"<p>La sorpresiva salida de <strong>Ariel Holan<\/strong> como entrenador del <strong>Independiente de Avellaneda<\/strong> est\u00e1 dando de qu\u00e9 hablar en Argentina, pero esto sin dudas es a\u00fan m\u00e1s sorpresivo.<\/p>\n<p>Y es que seg\u00fan varios medios de este pa\u00eds, el <em><strong>Rey de Copas<\/strong><\/em> <a href=\"https:\/\/www.futboltotal.com.mx\/futbol-internacional\/independiente-campeon-la-copa-sudamericana-2017\/2017\/12\" target=\"_blank\" rel=\"noopener\">y actual campe\u00f3n de la <strong>Copa Sudamericana<\/strong><\/a> tiene al nombre de <strong>Mat\u00edas Almeyda<\/strong> encabezando la lista de inter\u00e9s del cuadro rojo. Se perfila al <em>&#8220;Pelado&#8221;<\/em> como uno de los principales candidatos para asumir el rol de t\u00e9cnico del equipo por su filosof\u00eda de juego y perfil ofensivo.<\/p>\n<p><a href=\"https:\/\/www.futboltotal.com.mx\/futbol-mexicano\/asociacion-mexicana-futbolistas-actuara-en-caso-alanis\/2017\/12\">VER M\u00c1S: Asociaci\u00f3n Mexicana de Futbolistas actuar\u00e1 en caso Alan\u00eds<\/a><\/p>\n<p>Sin embargo, esta es una teor\u00eda muy dif\u00edcil ya que <strong>Almeyda<\/strong> tiene a\u00fan cuatro a\u00f1os de contrato en <strong>Chivas<\/strong> y seg\u00fan expresa la prensa argentina: &#8220;A pesar de no vivir su mejor momento, los cuatro t\u00edtulos que obtuvo al frente de la instituci\u00f3n desde el 2015 le dan la espalda suficiente para poder levantar al equipo&#8221;.<\/p>\n<p>&#8220;Amo a <strong>Chivas<\/strong> y tengo mucho por delante. Hoy muchos quieren mi silla, pero me van a tener que echar&#8221;, dijo <strong>Mat\u00edas<\/strong> hace un par de d\u00edas de cara a la pre-temporada del reba\u00f1o, que actualmente ya est\u00e1 en pleno proceso de preparaci\u00f3n en Canc\u00fan.<\/p>\n<p>Todo indica que el m\u00e1ximo ganador de la historia de la <strong>Copa Libertadores<\/strong> deber\u00e1 buscar a otro estratega&#8230; \u00bfO lograr\u00e1n cerrar un trato?<\/p>\n<p><img decoding=\"async\" loading=\"lazy\" class=\"alignnone wp-image-512571\" src=\"https:\/\/www.futboltotal.com.mx\/wp-content\/uploads\/2017\/12\/alme2-300x169.jpg\" alt=\"Independiente quiere a Matias Almeyda como nuevo DT 0\" srcset=\"http:\/\/desarrollo.grupomedios.com\/futbol\/wp-content\/uploads\/2017\/12\/alme2-300x169.jpg 300w, http:\/\/desarrollo.grupomedios.com\/futbol\/wp-content\/uploads\/2017\/12\/alme2-768x432.jpg 768w, http:\/\/desarrollo.grupomedios.com\/futbol\/wp-content\/uploads\/2017\/12\/alme2-1024x576.jpg 1024w, http:\/\/desarrollo.grupomedios.com\/futbol\/wp-content\/uploads\/2017\/12\/alme2-393x221.jpg 393w, http:\/\/desarrollo.grupomedios.com\/futbol\/wp-content\/uploads\/2017\/12\/alme2.jpg 1136w\" sizes=\"(max-width: 426px) 100vw, 426px\" \/><\/p>\n","protected":false},"excerpt":{"rendered":"<p>El equipo argentino se qued\u00f3 sin DT, pero la tiene muy dif\u00edcil con &#8220;El Pelado&#8221;, <\/p>\n","protected":false},"author":165,"featured_media":512570,"comment_status":"closed","ping_status":"closed","sticky":false,"template":"","format":"standard","meta":[],"categories":[5,2198,3845],"tags":[5996,11399,70,1043,7198,2723,5963,169,1420,65,8639],"_links":{"self":[{"href":"http:\/\/desarrollo.grupomedios.com\/futbol\/wp-json\/wp\/v2\/posts\/512568"}],"collection":[{"href":"http:\/\/desarrollo.grupomedios.com\/futbol\/wp-json\/wp\/v2\/posts"}],"about":[{"href":"http:\/\/desarrollo.grupomedios.com\/futbol\/wp-json\/wp\/v2\/types\/post"}],"author":[{"embeddable":true,"href":"http:\/\/desarrollo.grupomedios.com\/futbol\/wp-json\/wp\/v2\/users\/165"}],"replies":[{"embeddable":true,"href":"http:\/\/desarrollo.grupomedios.com\/futbol\/wp-json\/wp\/v2\/comments?post=512568"}],"version-history":[{"count":1,"href":"http:\/\/desarrollo.grupomedios.com\/futbol\/wp-json\/wp\/v2\/posts\/512568\/revisions"}],"predecessor-version":[{"id":512572,"href":"http:\/\/desarrollo.grupomedios.com\/futbol\/wp-json\/wp\/v2\/posts\/512568\/revisions\/512572"}],"wp:featuredmedia":[{"embeddable":true,"href":"http:\/\/desarrollo.grupomedios.com\/futbol\/wp-json\/wp\/v2\/media\/512570"}],"wp:attachment":[{"href":"http:\/\/desarrollo.grupomedios.com\/futbol\/wp-json\/wp\/v2\/media?parent=512568"}],"wp:term":[{"taxonomy":"category","embeddable":true,"href":"http:\/\/desarrollo.grupomedios.com\/futbol\/wp-json\/wp\/v2\/categories?post=512568"},{"taxonomy":"post_tag","embeddable":true,"href":"http:\/\/desarrollo.grupomedios.com\/futbol\/wp-json\/wp\/v2\/tags?post=512568"}],"curies":[{"name":"wp","href":"https:\/\/api.w.org\/{rel}","templated":true}]}}