{"id":512569,"date":"2017-12-20T11:40:27","date_gmt":"2017-12-20T17:40:27","guid":{"rendered":"https:\/\/www.futboltotal.com.mx\/?p=512569"},"modified":"2017-12-20T11:40:27","modified_gmt":"2017-12-20T17:40:27","slug":"raul-jimenez-baja-del-benfica-esguince-en-tobillo","status":"publish","type":"post","link":"http:\/\/desarrollo.grupomedios.com\/futbol\/futbol-internacional\/raul-jimenez-baja-del-benfica-esguince-en-tobillo\/2017\/12","title":{"rendered":"Ra\u00fal Jim\u00e9nez, baja del Benfica por esguince en tobillo"},"content":{"rendered":"<p><strong>POR: STAFF FT<\/strong><\/p>\n<p>El delantero mexicano del <strong>Benfica, Ra\u00fal Jim\u00e9nez<\/strong> no ha tenido un buen semestre y lo terminar\u00e1 de la misma manera, pues ahora ha sufrido un <strong>esguince en el tobillo izquierdo<\/strong> que lo tendr\u00e1 de baja una semana, por lo que podr\u00e1 ver actividad hasta el mes de enero.<\/p>\n<p style=\"text-align: center;\"><a href=\"https:\/\/www.futboltotal.com.mx\/futbol-mexicano\/liga-mx\/dorlan-pabon-tendria-las-horas-contadas-rayados\/2017\/12\" target=\"_blank\" rel=\"noopener\">VER M\u00c1S: Dorlan Pab\u00f3n tendr\u00eda los d\u00edas contados con Rayados de Monterrey<\/a><\/p>\n<p>La lesi\u00f3n del atacante mexicano se present\u00f3 durante el entrenamiento y se perder\u00e1 el juego de\u00a0\u00a0<strong>Copa\u00a0<\/strong>contra el\u00a0<strong>Portimonense<\/strong>.<strong> Jim\u00e9nez<\/strong> regresar\u00eda con la plantilla en enero para disputar el compromiso ante el Sporting de Lisboa, pues la directiva desea darle descanso extra para que se recupere de forma satisfactoria.<\/p>\n<p>El atacante de 26 a\u00f1os ha tenido un semestre complicado pues ha visto acci\u00f3n en <strong>249 minutos de 14 partidos<\/strong> que ha disputado sin ver la puerta, pues no ha logrado anotar un solo gol en lo que va de la campa\u00f1a, hecho que es preocupante dado que est\u00e1 llamado a ser uno de los futbolistas que vaya a la <strong>Copa del Mundo de Rusia 2018<\/strong>.<\/p>\n<p style=\"text-align: center;\"><a href=\"https:\/\/www.futboltotal.com.mx\/futbol-mexicano\/liga-mx\/cruz-azul-desea-al-argentino-pulpo-gonzalez\/2017\/12\" target=\"_blank\" rel=\"noopener\">VER M\u00c1S: Cruz Azul desea regresar al Pulpo Gonz\u00e1lez<\/a><\/p>\n<div class=\"field field-name-body field-type-text-with-summary field-label-hidden txt_nota\"><\/div>\n<div class=\"field field-name-network-pontamedia-comentario field-type-ds field-label-hidden\"><\/div>\n","protected":false},"excerpt":{"rendered":"<p>El mexicano ha tenido un semestre complicado<\/p>\n","protected":false},"author":159,"featured_media":512574,"comment_status":"closed","ping_status":"closed","sticky":false,"template":"","format":"standard","meta":[],"categories":[3839,7709],"tags":[6060,3804,9195,742],"_links":{"self":[{"href":"http:\/\/desarrollo.grupomedios.com\/futbol\/wp-json\/wp\/v2\/posts\/512569"}],"collection":[{"href":"http:\/\/desarrollo.grupomedios.com\/futbol\/wp-json\/wp\/v2\/posts"}],"about":[{"href":"http:\/\/desarrollo.grupomedios.com\/futbol\/wp-json\/wp\/v2\/types\/post"}],"author":[{"embeddable":true,"href":"http:\/\/desarrollo.grupomedios.com\/futbol\/wp-json\/wp\/v2\/users\/159"}],"replies":[{"embeddable":true,"href":"http:\/\/desarrollo.grupomedios.com\/futbol\/wp-json\/wp\/v2\/comments?post=512569"}],"version-history":[{"count":1,"href":"http:\/\/desarrollo.grupomedios.com\/futbol\/wp-json\/wp\/v2\/posts\/512569\/revisions"}],"predecessor-version":[{"id":512576,"href":"http:\/\/desarrollo.grupomedios.com\/futbol\/wp-json\/wp\/v2\/posts\/512569\/revisions\/512576"}],"wp:featuredmedia":[{"embeddable":true,"href":"http:\/\/desarrollo.grupomedios.com\/futbol\/wp-json\/wp\/v2\/media\/512574"}],"wp:attachment":[{"href":"http:\/\/desarrollo.grupomedios.com\/futbol\/wp-json\/wp\/v2\/media?parent=512569"}],"wp:term":[{"taxonomy":"category","embeddable":true,"href":"http:\/\/desarrollo.grupomedios.com\/futbol\/wp-json\/wp\/v2\/categories?post=512569"},{"taxonomy":"post_tag","embeddable":true,"href":"http:\/\/desarrollo.grupomedios.com\/futbol\/wp-json\/wp\/v2\/tags?post=512569"}],"curies":[{"name":"wp","href":"https:\/\/api.w.org\/{rel}","templated":true}]}}