{"id":512578,"date":"2017-12-20T12:07:49","date_gmt":"2017-12-20T18:07:49","guid":{"rendered":"https:\/\/www.futboltotal.com.mx\/?p=512578"},"modified":"2017-12-20T12:07:49","modified_gmt":"2017-12-20T18:07:49","slug":"mundo-sabe-lo-implica-river-lucas-zelarayan","status":"publish","type":"post","link":"http:\/\/desarrollo.grupomedios.com\/futbol\/futbol-mexicano\/mundo-sabe-lo-implica-river-lucas-zelarayan\/2017\/12","title":{"rendered":"Todo mundo sabe lo que implica River: Lucas Zelaray\u00e1n"},"content":{"rendered":"<p><strong>POR: STAFF FT<\/strong><\/p>\n<p>El volante ofensivo de <strong>Tigres UANL, <a href=\"https:\/\/www.futboltotal.com.mx\/futbol-mexicano\/liga-mx\/river-plate-se-quiere-robar-a-lucas-zelarayan-tigres\/2017\/12\" target=\"_blank\" rel=\"noopener\">Lucas Zelaray\u00e1n<\/a><\/strong> estableci\u00f3 que todav\u00eda no sabe nada sobre un inter\u00e9s formal por parte de<strong> River Plate<\/strong> y tampoco sobre otro club como se ha manejado en las \u00faltimas semanas un posible retorno a su pa\u00eds.<\/p>\n<p style=\"text-align: center;\"><a href=\"https:\/\/www.futboltotal.com.mx\/futbol-mexicano\/liga-mx\/dorlan-pabon-tendria-las-horas-contadas-rayados\/2017\/12\" target=\"_blank\" rel=\"noopener\">VER M\u00c1S: Dorlan Pab\u00f3n tendr\u00eda los d\u00edas contados con Rayados de Monterrey<\/a><\/p>\n<p>&#8220;Lo maneja todo mi representante y yo<strong> no s\u00e9 nada de River ni otro club<\/strong>&#8220;, expres\u00f3 el volante para\u00a0<em>Cadena 3 <\/em>de Argentina mientras se encuentra de vacaciones en su natal C\u00f3rdoba.\u00a0&#8220;<strong>Todo el mundo sabe lo que implica River<\/strong>, pero trato de mantenerme al margen porque se est\u00e1 hablando mucho y no quiero decir algo fuera de lugar&#8221;, solt\u00f3 el argentino.<\/p>\n<p>A pesar que indic\u00f3 no haber tenido la continuidad que desea en M\u00e9xico, luego que este<strong> Apertura 2017<\/strong> no participara muchos minutos en el terreno de juego, sostuvo que\u00a0&#8220;Argentina tira por el lado de la familia y es una gran vidriera, pero el f\u00fatbol mexicano me dio mucho como futbolista y <strong>si me tengo que quedar a pelearla lo voy a hacer porque la oportunidad la voy a tener<\/strong>&#8220;, estableci\u00f3, dejando en el aire su futuro para el 2018.<\/p>\n<p style=\"text-align: center;\"><a href=\"https:\/\/www.futboltotal.com.mx\/futbol-mexicano\/liga-mx\/cruz-azul-desea-al-argentino-pulpo-gonzalez\/2017\/12\" target=\"_blank\" rel=\"noopener\">VER M\u00c1S: Cruz Azul desea regresar al Pulpo Gonz\u00e1lez a M\u00e9xico<\/a><\/p>\n","protected":false},"excerpt":{"rendered":"<p>El volante de Tigres UANL no ha recibido una oferta formal por parte de ning\u00fan club<\/p>\n","protected":false},"author":159,"featured_media":512580,"comment_status":"closed","ping_status":"closed","sticky":false,"template":"","format":"standard","meta":[],"categories":[2198,3845],"tags":[64,8084,164,570],"_links":{"self":[{"href":"http:\/\/desarrollo.grupomedios.com\/futbol\/wp-json\/wp\/v2\/posts\/512578"}],"collection":[{"href":"http:\/\/desarrollo.grupomedios.com\/futbol\/wp-json\/wp\/v2\/posts"}],"about":[{"href":"http:\/\/desarrollo.grupomedios.com\/futbol\/wp-json\/wp\/v2\/types\/post"}],"author":[{"embeddable":true,"href":"http:\/\/desarrollo.grupomedios.com\/futbol\/wp-json\/wp\/v2\/users\/159"}],"replies":[{"embeddable":true,"href":"http:\/\/desarrollo.grupomedios.com\/futbol\/wp-json\/wp\/v2\/comments?post=512578"}],"version-history":[{"count":1,"href":"http:\/\/desarrollo.grupomedios.com\/futbol\/wp-json\/wp\/v2\/posts\/512578\/revisions"}],"predecessor-version":[{"id":512581,"href":"http:\/\/desarrollo.grupomedios.com\/futbol\/wp-json\/wp\/v2\/posts\/512578\/revisions\/512581"}],"wp:featuredmedia":[{"embeddable":true,"href":"http:\/\/desarrollo.grupomedios.com\/futbol\/wp-json\/wp\/v2\/media\/512580"}],"wp:attachment":[{"href":"http:\/\/desarrollo.grupomedios.com\/futbol\/wp-json\/wp\/v2\/media?parent=512578"}],"wp:term":[{"taxonomy":"category","embeddable":true,"href":"http:\/\/desarrollo.grupomedios.com\/futbol\/wp-json\/wp\/v2\/categories?post=512578"},{"taxonomy":"post_tag","embeddable":true,"href":"http:\/\/desarrollo.grupomedios.com\/futbol\/wp-json\/wp\/v2\/tags?post=512578"}],"curies":[{"name":"wp","href":"https:\/\/api.w.org\/{rel}","templated":true}]}}