{"id":512586,"date":"2017-12-20T13:41:08","date_gmt":"2017-12-20T19:41:08","guid":{"rendered":"https:\/\/www.futboltotal.com.mx\/?p=512586"},"modified":"2017-12-20T13:41:08","modified_gmt":"2017-12-20T19:41:08","slug":"laliga-recuerda-mejor-gol-carlos-vela-en-espana","status":"publish","type":"post","link":"http:\/\/desarrollo.grupomedios.com\/futbol\/videos\/laliga-recuerda-mejor-gol-carlos-vela-en-espana\/2017\/12","title":{"rendered":"LaLiga recuerda el mejor gol de Carlos Vela en Espa\u00f1a"},"content":{"rendered":"<p>El mexicano <strong>Carlos Vela<\/strong> jugar\u00e1 su \u00faltimo partido con la <strong>Real Sociedad<\/strong> cuando se enfrente al <strong>Sevilla<\/strong> y en <strong>Anoeta<\/strong> est\u00e1n de fiesta para despedir al mexicano.<\/p>\n<p>La afici\u00f3n y el club\u00a0\u00a0<em>txuri<\/em>&#8211;<em>urdin\u00a0<\/em>han convertido al Bombardero en uno de los \u00eddolos del equipo y la ciudad, pues desde su llegada <strong>Vela<\/strong> ha vivido su mejor momento y se lo ha dado al club.<\/p>\n<p>Incluso la cuenta de Twitter de <strong>LaLiga<\/strong> ha despedido al mexicano y record\u00f3 el mejor gol que se le vio durante su paso por Espa\u00f1a.<\/p>\n<p style=\"text-align: center;\"><span style=\"color: #3366ff;\"><a href=\"https:\/\/www.futboltotal.com.mx\/futbol-mexicano\/carlos-vela-calidad-hacer-en-europa-chucho-ramirez\/2017\/12\">VER M\u00c1S: Vela tiene calidad para hacer m\u00e1s en Europa: Chucho Ram\u00edrez<\/a><\/span><\/p>\n<blockquote class=\"twitter-video\" data-lang=\"es\">\n<p dir=\"ltr\" lang=\"es\">\u00a1Anoeta siempre recordar\u00e1 tus golazos, <a href=\"https:\/\/twitter.com\/11carlosV?ref_src=twsrc%5Etfw\">@11carlosV<\/a>! &#x1f609;<\/p>\n<p>Hoy se despide de <a href=\"https:\/\/twitter.com\/hashtag\/LaLiga?src=hash&amp;ref_src=twsrc%5Etfw\">#LaLiga<\/a> y de la <a href=\"https:\/\/twitter.com\/RealSociedad?ref_src=twsrc%5Etfw\">@RealSociedad<\/a> un GRANDE, Don Carlos Vela. &#x1f1f2;&#x1f1fd;&#x1f31f; <a href=\"https:\/\/twitter.com\/hashtag\/EskerrikAskoCarlos?src=hash&amp;ref_src=twsrc%5Etfw\">#EskerrikAskoCarlos<\/a> <a href=\"https:\/\/t.co\/pvVdWEGyKk\">pic.twitter.com\/pvVdWEGyKk<\/a><\/p>\n<p>\u2014 LaLiga (@LaLiga) <a href=\"https:\/\/twitter.com\/LaLiga\/status\/943519111379795968?ref_src=twsrc%5Etfw\">20 de diciembre de 2017<\/a><\/p><\/blockquote>\n<p><script async src=\"https:\/\/platform.twitter.com\/widgets.js\" charset=\"utf-8\"><\/script><\/p>\n","protected":false},"excerpt":{"rendered":"<p>El mexicano jugar\u00e1 su \u00faltimo partido con la Real Sociedad.<\/p>\n","protected":false},"author":129,"featured_media":485701,"comment_status":"closed","ping_status":"closed","sticky":false,"template":"","format":"standard","meta":[],"categories":[3839,3844,4],"tags":[6048,6214,6114,102],"_links":{"self":[{"href":"http:\/\/desarrollo.grupomedios.com\/futbol\/wp-json\/wp\/v2\/posts\/512586"}],"collection":[{"href":"http:\/\/desarrollo.grupomedios.com\/futbol\/wp-json\/wp\/v2\/posts"}],"about":[{"href":"http:\/\/desarrollo.grupomedios.com\/futbol\/wp-json\/wp\/v2\/types\/post"}],"author":[{"embeddable":true,"href":"http:\/\/desarrollo.grupomedios.com\/futbol\/wp-json\/wp\/v2\/users\/129"}],"replies":[{"embeddable":true,"href":"http:\/\/desarrollo.grupomedios.com\/futbol\/wp-json\/wp\/v2\/comments?post=512586"}],"version-history":[{"count":1,"href":"http:\/\/desarrollo.grupomedios.com\/futbol\/wp-json\/wp\/v2\/posts\/512586\/revisions"}],"predecessor-version":[{"id":512588,"href":"http:\/\/desarrollo.grupomedios.com\/futbol\/wp-json\/wp\/v2\/posts\/512586\/revisions\/512588"}],"wp:featuredmedia":[{"embeddable":true,"href":"http:\/\/desarrollo.grupomedios.com\/futbol\/wp-json\/wp\/v2\/media\/485701"}],"wp:attachment":[{"href":"http:\/\/desarrollo.grupomedios.com\/futbol\/wp-json\/wp\/v2\/media?parent=512586"}],"wp:term":[{"taxonomy":"category","embeddable":true,"href":"http:\/\/desarrollo.grupomedios.com\/futbol\/wp-json\/wp\/v2\/categories?post=512586"},{"taxonomy":"post_tag","embeddable":true,"href":"http:\/\/desarrollo.grupomedios.com\/futbol\/wp-json\/wp\/v2\/tags?post=512586"}],"curies":[{"name":"wp","href":"https:\/\/api.w.org\/{rel}","templated":true}]}}