{"id":512587,"date":"2017-12-20T13:46:42","date_gmt":"2017-12-20T19:46:42","guid":{"rendered":"https:\/\/www.futboltotal.com.mx\/?p=512587"},"modified":"2017-12-20T13:46:42","modified_gmt":"2017-12-20T19:46:42","slug":"chucky-lozano-anota-psv-golea-en-copa-holanda","status":"publish","type":"post","link":"http:\/\/desarrollo.grupomedios.com\/futbol\/destacado-home\/chucky-lozano-anota-psv-golea-en-copa-holanda\/2017\/12","title":{"rendered":"Chucky Lozano anota y PSV golea en Copa de Holanda"},"content":{"rendered":"<p><strong>POR: STAFF FT<\/strong><\/p>\n<p>El cuadro del <strong>PSV Eindhoven<\/strong> gole\u00f3 al<strong> VVV-Venlo<\/strong> en la <strong>Copa de Holanda<\/strong> y se meti\u00f3 a los Cuartos de Final, partido en donde el mexicano<strong> Hirving &#8216;Chucky&#8217; Lozano<\/strong> contribuy\u00f3 con un gol para la victoria de su equipo manteniendo su buen pase durante su primer temporada en Europa.<\/p>\n<p>En el primero tiempo <strong>Moreno Rutten<\/strong> anot\u00f3 para los visitantes y sorprendi\u00f3 al cuadro de los Granjeros, sin embargo en el mismo agregado de la primera parte <strong>Luuk de Jong<\/strong> se encarg\u00f3 de poner el empate en los cartones para irse con m\u00e1s tranquilidad al descanso.<\/p>\n<p style=\"text-align: center;\"><a href=\"https:\/\/www.futboltotal.com.mx\/futbol-mexicano\/liga-mx\/dorlan-pabon-tendria-las-horas-contadas-rayados\/2017\/12\" target=\"_blank\" rel=\"noopener\">VER M\u00c1S: Dorlan Pab\u00f3n tendr\u00eda los d\u00edas contados con Rayados de Monterrey<\/a><\/p>\n<p>En el segundo tiempo <strong>Marco van Ginkel<\/strong> se encarg\u00f3 de anotar el del despegue al minuto 66 para encaminar el triunfo de los suyos, que trece minutos despu\u00e9s de la acci\u00f3n por conducto del atacante mexicano <a href=\"https:\/\/www.futboltotal.com.mx\/futbol-internacional\/eredivisie\/arsenal-everton-pelearian-chucky-lozano\/2017\/12\" target=\"_blank\" rel=\"noopener\"><strong>&#8216;Chucky &#8216; Lozano<\/strong><\/a> logr\u00f3 una ventaja m\u00e1s amplia.<\/p>\n<blockquote class=\"twitter-video\" data-lang=\"es\">\n<p dir=\"ltr\" lang=\"es\">&#x1f1f2;&#x1f1fd;Chucky Lozano anot\u00f3 el 3-1 vs el VVV-Venlo y suma as\u00ed su gol 12 de la temporada \u26bd\ufe0f&#x1f44c;&#x1f3fd;<br \/>\n<a href=\"https:\/\/t.co\/nyyXok9ypy\">pic.twitter.com\/nyyXok9ypy<\/a><\/p>\n<p>\u2014 Yo Amo El F\u00fatbolMx (@YoAmoElFutbolMX) <a href=\"https:\/\/twitter.com\/YoAmoElFutbolMX\/status\/943565688593158144?ref_src=twsrc%5Etfw\">20 de diciembre de 2017<\/a><\/p><\/blockquote>\n<p><script async src=\"https:\/\/platform.twitter.com\/widgets.js\" charset=\"utf-8\"><\/script><\/p>\n<p>Ya en el agregado<strong> Nicolas Isimat-Mirin<\/strong> se encarg\u00f3 de poner la puntilla para los locales y consumar la goleada y el pase a Cuartos de Final en la Copa de Holanda. Con la actuaci\u00f3n de Lozano, lleg\u00f3 a\u00a0<strong>12 goles<\/strong> y<strong> 3 asistencias<\/strong> en<strong> 19 partidos<\/strong> con PSV Eindohven esta temporada.<\/p>\n<p style=\"text-align: center;\"><a href=\"https:\/\/www.futboltotal.com.mx\/futbol-mexicano\/liga-mx\/cruz-azul-desea-al-argentino-pulpo-gonzalez\/2017\/12\" target=\"_blank\" rel=\"noopener\">VER M\u00c1S: Cruz Azul desea regresar a &#8216;Pulpo&#8217; Gonz\u00e1lez al futbol mexicano<\/a><\/p>\n","protected":false},"excerpt":{"rendered":"<p>El mexicano consigui\u00f3 su gol n\u00famero 12 de la temporada<\/p>\n","protected":false},"author":159,"featured_media":512589,"comment_status":"closed","ping_status":"closed","sticky":false,"template":"","format":"standard","meta":[],"categories":[5,9721,3839],"tags":[6944,6395,5196,3224],"_links":{"self":[{"href":"http:\/\/desarrollo.grupomedios.com\/futbol\/wp-json\/wp\/v2\/posts\/512587"}],"collection":[{"href":"http:\/\/desarrollo.grupomedios.com\/futbol\/wp-json\/wp\/v2\/posts"}],"about":[{"href":"http:\/\/desarrollo.grupomedios.com\/futbol\/wp-json\/wp\/v2\/types\/post"}],"author":[{"embeddable":true,"href":"http:\/\/desarrollo.grupomedios.com\/futbol\/wp-json\/wp\/v2\/users\/159"}],"replies":[{"embeddable":true,"href":"http:\/\/desarrollo.grupomedios.com\/futbol\/wp-json\/wp\/v2\/comments?post=512587"}],"version-history":[{"count":1,"href":"http:\/\/desarrollo.grupomedios.com\/futbol\/wp-json\/wp\/v2\/posts\/512587\/revisions"}],"predecessor-version":[{"id":512591,"href":"http:\/\/desarrollo.grupomedios.com\/futbol\/wp-json\/wp\/v2\/posts\/512587\/revisions\/512591"}],"wp:featuredmedia":[{"embeddable":true,"href":"http:\/\/desarrollo.grupomedios.com\/futbol\/wp-json\/wp\/v2\/media\/512589"}],"wp:attachment":[{"href":"http:\/\/desarrollo.grupomedios.com\/futbol\/wp-json\/wp\/v2\/media?parent=512587"}],"wp:term":[{"taxonomy":"category","embeddable":true,"href":"http:\/\/desarrollo.grupomedios.com\/futbol\/wp-json\/wp\/v2\/categories?post=512587"},{"taxonomy":"post_tag","embeddable":true,"href":"http:\/\/desarrollo.grupomedios.com\/futbol\/wp-json\/wp\/v2\/tags?post=512587"}],"curies":[{"name":"wp","href":"https:\/\/api.w.org\/{rel}","templated":true}]}}