{"id":512603,"date":"2017-12-20T16:01:27","date_gmt":"2017-12-20T22:01:27","guid":{"rendered":"https:\/\/www.futboltotal.com.mx\/?p=512603"},"modified":"2017-12-20T16:01:27","modified_gmt":"2017-12-20T22:01:27","slug":"andre-pierre-gignac-haria-esfuerzo-jugar-en-boca-juniors","status":"publish","type":"post","link":"http:\/\/desarrollo.grupomedios.com\/futbol\/futbol-mexicano\/andre-pierre-gignac-haria-esfuerzo-jugar-en-boca-juniors\/2017\/12","title":{"rendered":"Andr\u00e9-Pierre Gignac har\u00eda un esfuerzo para ir a Boca Juniors"},"content":{"rendered":"<p><strong>POR: STAFF FT<\/strong><\/p>\n<p>El delantero franc\u00e9s de los <strong><a href=\"https:\/\/www.futboltotal.com.mx\/futbol-mexicano\/liga-mx\/mundo-sabe-lo-implica-river-lucas-zelarayan\/2017\/12\" target=\"_blank\" rel=\"noopener\">Tigres UANL<\/a>, Andr\u00e9-Pierre Gignac<\/strong> es uno de los \u00eddolos del actual campe\u00f3n de la <strong>Liga MX<\/strong>, pues su carisma y goles han hecho que se convierta en una de las estrellas que han llegado al pa\u00eds, sin embargo, su representante ha hecho una declaraci\u00f3n importante sobre el futbolista;<strong>\u00a0&#8220;Si se diera la chance, \u00e9l har\u00eda fuerza para ir a Boca&#8221;<\/strong>.<\/p>\n<p style=\"text-align: center;\"><a href=\"https:\/\/www.futboltotal.com.mx\/futbol-mexicano\/seleccion-mexicana\/carlos-vela-desprecio-al-tri-en-mejor-momento-con-real-sociedad\/2017\/12\" target=\"_blank\" rel=\"noopener\">VER M\u00c1S: Carlos Vela despreci\u00f3 al Tri en su mejor momento con la Real Sociedad<\/a><\/p>\n<p><strong>Roberto San Juan<\/strong>, empresario que se encarga de manejar al delantero franc\u00e9s expres\u00f3 lo siguiente;<em>\u00a0<\/em>&#8220;No es que sea hincha, pero <strong>le consultamos si quer\u00eda venir a la Argentina y dijo que solo jugar\u00eda en Boca<\/strong>. Lo debe ver seguido porque Boca atrapa y \u00e9l est\u00e1 con jugadores argentinos. Es como si hablaramos del Real Madrid o el Barcelona&#8221;, indic\u00f3 en una entrevista para Crack Deportivo.<\/p>\n<p>En una anterior ocasi\u00f3n el delantero<strong> Felino<\/strong> hab\u00eda indicado en una entrevista para France Football que su sue\u00f1o de cuando era ni\u00f1o hab\u00eda sido jugar en <strong>La Bombonera<\/strong>, actual casa de los <strong>Xeneizes<\/strong>, por lo que sus deseos parecen estar en Argentina, algo que se ve complicado por el salario que recibe en M\u00e9xico pero de igual forma no es algo que est\u00e9 descartado.<\/p>\n<p style=\"text-align: center;\"><a href=\"https:\/\/www.futboltotal.com.mx\/futbol-mexicano\/liga-mx\/dorlan-pabon-tendria-las-horas-contadas-rayados\/2017\/12\" target=\"_blank\" rel=\"noopener\">VER M\u00c1S: Dorlan Pab\u00f3n tiene las horas contadas con Rayados de Monterrey<\/a><\/p>\n","protected":false},"excerpt":{"rendered":"<p>El delantero franc\u00e9s ha mostrado una debilidad por los Xeneizes<\/p>\n","protected":false},"author":159,"featured_media":512605,"comment_status":"closed","ping_status":"closed","sticky":false,"template":"","format":"standard","meta":[],"categories":[2198,3845],"tags":[5564,1683,64,570],"_links":{"self":[{"href":"http:\/\/desarrollo.grupomedios.com\/futbol\/wp-json\/wp\/v2\/posts\/512603"}],"collection":[{"href":"http:\/\/desarrollo.grupomedios.com\/futbol\/wp-json\/wp\/v2\/posts"}],"about":[{"href":"http:\/\/desarrollo.grupomedios.com\/futbol\/wp-json\/wp\/v2\/types\/post"}],"author":[{"embeddable":true,"href":"http:\/\/desarrollo.grupomedios.com\/futbol\/wp-json\/wp\/v2\/users\/159"}],"replies":[{"embeddable":true,"href":"http:\/\/desarrollo.grupomedios.com\/futbol\/wp-json\/wp\/v2\/comments?post=512603"}],"version-history":[{"count":1,"href":"http:\/\/desarrollo.grupomedios.com\/futbol\/wp-json\/wp\/v2\/posts\/512603\/revisions"}],"predecessor-version":[{"id":512606,"href":"http:\/\/desarrollo.grupomedios.com\/futbol\/wp-json\/wp\/v2\/posts\/512603\/revisions\/512606"}],"wp:featuredmedia":[{"embeddable":true,"href":"http:\/\/desarrollo.grupomedios.com\/futbol\/wp-json\/wp\/v2\/media\/512605"}],"wp:attachment":[{"href":"http:\/\/desarrollo.grupomedios.com\/futbol\/wp-json\/wp\/v2\/media?parent=512603"}],"wp:term":[{"taxonomy":"category","embeddable":true,"href":"http:\/\/desarrollo.grupomedios.com\/futbol\/wp-json\/wp\/v2\/categories?post=512603"},{"taxonomy":"post_tag","embeddable":true,"href":"http:\/\/desarrollo.grupomedios.com\/futbol\/wp-json\/wp\/v2\/tags?post=512603"}],"curies":[{"name":"wp","href":"https:\/\/api.w.org\/{rel}","templated":true}]}}