{"id":512610,"date":"2017-12-20T16:27:34","date_gmt":"2017-12-20T22:27:34","guid":{"rendered":"https:\/\/www.futboltotal.com.mx\/?p=512610"},"modified":"2017-12-20T16:27:34","modified_gmt":"2017-12-20T22:27:34","slug":"aficion-la-real-sociedad-se-rinde-ante-carlos-vela-en-anoeta","status":"publish","type":"post","link":"http:\/\/desarrollo.grupomedios.com\/futbol\/futbol-internacional\/aficion-la-real-sociedad-se-rinde-ante-carlos-vela-en-anoeta\/2017\/12","title":{"rendered":"Afici\u00f3n de la Real Sociedad se rinde ante Carlos Vela en Anoeta"},"content":{"rendered":"<p>El mexicano\u00a0<strong>Carlos Vela <\/strong>vivi\u00f3 su \u00faltimo parido en Anoeta con\u00a0la<strong> Real Sociedad<\/strong> y la afici\u00f3n no dud\u00f3 en rendirse ante el camiseta n\u00famer 11.<\/p>\n<p>Previo al arranque de las acciones contra el <strong>Sevilla<\/strong>, en las gradas se mostr\u00f3 una enorme manta con agradecimiento al <strong>Bombardero<\/strong>, quien suma 249 partidos y 72 anotaciones con el club.<\/p>\n<p style=\"text-align: center;\"><span style=\"color: #3366ff;\"><a href=\"https:\/\/www.futboltotal.com.mx\/futbol-mexicano\/seleccion-mexicana\/carlos-vela-desprecio-al-tri-en-mejor-momento-con-real-sociedad\/2017\/12\">VER\u00a0 M\u00c1S: Carlos Vela despreci\u00f3 al Tri en su mejor momento con la Real Sociedad<\/a><\/span><\/p>\n<blockquote class=\"twitter-tweet\" data-width=\"500\">\n<p lang=\"eu\" dir=\"ltr\">ESKERRIK ASKO <a href=\"https:\/\/twitter.com\/11carlosV?ref_src=twsrc%5Etfw\">@11carlosV<\/a>!!! <a href=\"https:\/\/twitter.com\/hashtag\/EskerrikAskoCarlos?src=hash&amp;ref_src=twsrc%5Etfw\">#EskerrikAskoCarlos<\/a> <a href=\"https:\/\/twitter.com\/hashtag\/RealSociedad?src=hash&amp;ref_src=twsrc%5Etfw\">#RealSociedad<\/a> <a href=\"https:\/\/t.co\/459nKtahSZ\">pic.twitter.com\/459nKtahSZ<\/a><\/p>\n<p>&mdash; Real Sociedad F\u00fatbol (@RealSociedad) <a href=\"https:\/\/twitter.com\/RealSociedad\/status\/943578396998754305?ref_src=twsrc%5Etfw\">December 20, 2017<\/a><\/p><\/blockquote>\n<p><script async src=\"https:\/\/platform.twitter.com\/widgets.js\" charset=\"utf-8\"><\/script><\/p>\n<p>Adem\u00e1s, todos los jugadores saltaron al campo luciendo camisetas en las que Vela luc\u00eda sentado en un trono, y al minuto 11 de acci\u00f3n, en las pantallas del Estadio Municipal de Anoeta se puso la fotograf\u00eda del mexicano, para que fuera reconocido por el p\u00fablico asistente.<\/p>\n<p>https:\/\/twitter.com\/RealSociedad\/status\/943583091746131968<\/p>\n","protected":false},"excerpt":{"rendered":"<p>El mexicano fue ovacionado por el p\u00fablico de San Sebasti\u00e1n.<\/p>\n","protected":false},"author":129,"featured_media":512612,"comment_status":"closed","ping_status":"closed","sticky":false,"template":"","format":"standard","meta":[],"categories":[3839,3844],"tags":[11401,6048,102,49],"_links":{"self":[{"href":"http:\/\/desarrollo.grupomedios.com\/futbol\/wp-json\/wp\/v2\/posts\/512610"}],"collection":[{"href":"http:\/\/desarrollo.grupomedios.com\/futbol\/wp-json\/wp\/v2\/posts"}],"about":[{"href":"http:\/\/desarrollo.grupomedios.com\/futbol\/wp-json\/wp\/v2\/types\/post"}],"author":[{"embeddable":true,"href":"http:\/\/desarrollo.grupomedios.com\/futbol\/wp-json\/wp\/v2\/users\/129"}],"replies":[{"embeddable":true,"href":"http:\/\/desarrollo.grupomedios.com\/futbol\/wp-json\/wp\/v2\/comments?post=512610"}],"version-history":[{"count":1,"href":"http:\/\/desarrollo.grupomedios.com\/futbol\/wp-json\/wp\/v2\/posts\/512610\/revisions"}],"predecessor-version":[{"id":512613,"href":"http:\/\/desarrollo.grupomedios.com\/futbol\/wp-json\/wp\/v2\/posts\/512610\/revisions\/512613"}],"wp:featuredmedia":[{"embeddable":true,"href":"http:\/\/desarrollo.grupomedios.com\/futbol\/wp-json\/wp\/v2\/media\/512612"}],"wp:attachment":[{"href":"http:\/\/desarrollo.grupomedios.com\/futbol\/wp-json\/wp\/v2\/media?parent=512610"}],"wp:term":[{"taxonomy":"category","embeddable":true,"href":"http:\/\/desarrollo.grupomedios.com\/futbol\/wp-json\/wp\/v2\/categories?post=512610"},{"taxonomy":"post_tag","embeddable":true,"href":"http:\/\/desarrollo.grupomedios.com\/futbol\/wp-json\/wp\/v2\/tags?post=512610"}],"curies":[{"name":"wp","href":"https:\/\/api.w.org\/{rel}","templated":true}]}}