{"id":512614,"date":"2017-12-20T16:45:46","date_gmt":"2017-12-20T22:45:46","guid":{"rendered":"https:\/\/www.futboltotal.com.mx\/?p=512614"},"modified":"2017-12-20T17:36:36","modified_gmt":"2017-12-20T23:36:36","slug":"se-va-rey-carlos-vela-anota-en-despedida-la-real-sociedad","status":"publish","type":"post","link":"http:\/\/desarrollo.grupomedios.com\/futbol\/destacado-home\/se-va-rey-carlos-vela-anota-en-despedida-la-real-sociedad\/2017\/12","title":{"rendered":"\u00a1Se va como Rey! Carlos Vela anota en su despedida con la Real Sociedad"},"content":{"rendered":"<p>Mejor despedidas no pudo haber tenido<strong> Carlos Vela<\/strong>, pues el mexicano anot\u00f3 su \u00faltimo gol con la camiseta de la <strong>Real Sociedad<\/strong> en el partido donde su equipo venci\u00f3 3-1 al <strong>Sevilla<\/strong> en Anoeta.<\/p>\n<blockquote class=\"twitter-tweet\" data-data-dnt=\"true\">\n<p lang=\"es\" dir=\"ltr\">FINAL <a href=\"https:\/\/twitter.com\/hashtag\/RealSociedadSevillaFC?src=hash&amp;ref_src=twsrc%5Etfw\">#RealSociedadSevillaFC<\/a> 3-1<\/p>\n<p>\ud83c\udf1f\ud83c\uddf2\ud83c\uddfd \u00a1EL FINAL SO\u00d1ADO! \ud83c\uddf2\ud83c\uddfd\ud83c\udf1f<\/p>\n<p>\ud83d\udc99 \u00a1GRACIAS, CARLOS VELA! \ud83d\udc99 <a href=\"https:\/\/t.co\/cuqrkygyyq\">pic.twitter.com\/cuqrkygyyq<\/a><\/p>\n<p>&mdash; LALIGA (@LaLiga) <a href=\"https:\/\/twitter.com\/LaLiga\/status\/943607251587256321?ref_src=twsrc%5Etfw\">December 20, 2017<\/a><\/p><\/blockquote>\n<p><script async src=\"https:\/\/platform.twitter.com\/widgets.js\" charset=\"utf-8\"><\/script><\/p>\n<p>Previo al inicio del partido, el mexicano<span style=\"color: #3366ff;\"><a href=\"https:\/\/www.futboltotal.com.mx\/futbol-internacional\/aficion-la-real-sociedad-se-rinde-ante-carlos-vela-en-anoeta\/2017\/12\" target=\"_blank\" rel=\"noopener\"> fue aplaudido por toda la afici\u00f3n de San Sebasti\u00e1n y sus compa\u00f1eros<\/a><\/span>, pues todos los seguidores se rindieron ante Vela luego de siete temporadas con el club.<\/p>\n<p>El juego siempre estuvo del lado de la Real Sociedad, pues el marcador se abri\u00f3 r\u00e1pido cuando <strong>I\u00f1igo Mart\u00ednez<\/strong> remat\u00f3 de cabeza para hacer el 1-0 y hacer la primera dedicaci\u00f3n para el mexicano.<\/p>\n<blockquote class=\"twitter-tweet\" data-data-dnt=\"true\">\n<p lang=\"es\" dir=\"ltr\">\ud83d\udcf7 El primero de hoy dedicado a <a href=\"https:\/\/twitter.com\/11carlosV?ref_src=twsrc%5Etfw\">@11carlosV<\/a>, \u00a1c\u00f3mo no! <a href=\"https:\/\/twitter.com\/hashtag\/RealSociedadSevillaFC?src=hash&amp;ref_src=twsrc%5Etfw\">#RealSociedadSevillaFC<\/a> <a href=\"https:\/\/t.co\/BuIf6GARSs\">pic.twitter.com\/BuIf6GARSs<\/a><\/p>\n<p>&mdash; Real Sociedad F\u00fatbol (@RealSociedad) <a href=\"https:\/\/twitter.com\/RealSociedad\/status\/943585503689019392?ref_src=twsrc%5Etfw\">December 20, 2017<\/a><\/p><\/blockquote>\n<p><script async src=\"https:\/\/platform.twitter.com\/widgets.js\" charset=\"utf-8\"><\/script><\/p>\n<p>A minutos de terminar la primera mitad, el<strong> Sevilla<\/strong> logr\u00f3 empatar el marcador gracias a <strong>Ben Yadder<\/strong>.<\/p>\n<p>Para la segunda mitad, fue <strong>Zubeld\u00eda<\/strong> quien le volv\u00edo a dar ventaja a los locales y con el marcador a favor, Eusebio Sacrist\u00e1n le dio ingreso al mexicano.<\/p>\n<blockquote class=\"twitter-tweet\" data-width=\"500\">\n<p lang=\"es\" dir=\"ltr\">73 goles con la Real&#8230;.buen viaje Don Carlos Vela&#8230;. <a href=\"https:\/\/t.co\/jDBgnlAgiq\">pic.twitter.com\/jDBgnlAgiq<\/a><\/p>\n<p>&mdash; I\u00f1igo (@porunpeloturf) <a href=\"https:\/\/twitter.com\/porunpeloturf\/status\/943608370879229952?ref_src=twsrc%5Etfw\">December 20, 2017<\/a><\/p><\/blockquote>\n<p><script async src=\"https:\/\/platform.twitter.com\/widgets.js\" charset=\"utf-8\"><\/script><\/p>\n<p>Fue en la recta final del encuentro cuando Carlos Vela remat\u00f3 dentro del \u00e1rea para marcar su \u00faltimo tanto con la Real Sociedad y despedirse como Rey, pues partir\u00e1 rumbo a la <strong>MLS<\/strong> para jugar con la nueva franquicia de <strong>Los Angeles FC.<\/strong><\/p>\n<blockquote class=\"twitter-video\" data-lang=\"es\">\n<p lang=\"es\" dir=\"ltr\">73 goles con la Real&#8230;.buen viaje Don Carlos Vela&#8230;. <a href=\"https:\/\/t.co\/jDBgnlAgiq\">pic.twitter.com\/jDBgnlAgiq<\/a><\/p>\n<p>&mdash; I\u00f1igo (@porunpeloturf) <a href=\"https:\/\/twitter.com\/porunpeloturf\/status\/943608370879229952?ref_src=twsrc%5Etfw\">20 de diciembre de 2017<\/a><\/p><\/blockquote>\n<p><script async src=\"https:\/\/platform.twitter.com\/widgets.js\" charset=\"utf-8\"><\/script><\/p>\n","protected":false},"excerpt":{"rendered":"<p>El mexicano jug\u00f3 su \u00faltimo partido y est\u00e1 listo para la MLS.<\/p>\n","protected":false},"author":129,"featured_media":512618,"comment_status":"closed","ping_status":"closed","sticky":false,"template":"","format":"standard","meta":[],"categories":[5,3839,3844],"tags":[6048,6114,8503,195,102,49],"_links":{"self":[{"href":"http:\/\/desarrollo.grupomedios.com\/futbol\/wp-json\/wp\/v2\/posts\/512614"}],"collection":[{"href":"http:\/\/desarrollo.grupomedios.com\/futbol\/wp-json\/wp\/v2\/posts"}],"about":[{"href":"http:\/\/desarrollo.grupomedios.com\/futbol\/wp-json\/wp\/v2\/types\/post"}],"author":[{"embeddable":true,"href":"http:\/\/desarrollo.grupomedios.com\/futbol\/wp-json\/wp\/v2\/users\/129"}],"replies":[{"embeddable":true,"href":"http:\/\/desarrollo.grupomedios.com\/futbol\/wp-json\/wp\/v2\/comments?post=512614"}],"version-history":[{"count":3,"href":"http:\/\/desarrollo.grupomedios.com\/futbol\/wp-json\/wp\/v2\/posts\/512614\/revisions"}],"predecessor-version":[{"id":512630,"href":"http:\/\/desarrollo.grupomedios.com\/futbol\/wp-json\/wp\/v2\/posts\/512614\/revisions\/512630"}],"wp:featuredmedia":[{"embeddable":true,"href":"http:\/\/desarrollo.grupomedios.com\/futbol\/wp-json\/wp\/v2\/media\/512618"}],"wp:attachment":[{"href":"http:\/\/desarrollo.grupomedios.com\/futbol\/wp-json\/wp\/v2\/media?parent=512614"}],"wp:term":[{"taxonomy":"category","embeddable":true,"href":"http:\/\/desarrollo.grupomedios.com\/futbol\/wp-json\/wp\/v2\/categories?post=512614"},{"taxonomy":"post_tag","embeddable":true,"href":"http:\/\/desarrollo.grupomedios.com\/futbol\/wp-json\/wp\/v2\/tags?post=512614"}],"curies":[{"name":"wp","href":"https:\/\/api.w.org\/{rel}","templated":true}]}}