{"id":512633,"date":"2017-12-20T08:33:25","date_gmt":"2017-12-20T14:33:25","guid":{"rendered":"https:\/\/www.futboltotal.com.mx\/?p=512633"},"modified":"2017-12-20T18:57:25","modified_gmt":"2017-12-21T00:57:25","slug":"new-era-continua-expansion-llega-a-puebla","status":"publish","type":"post","link":"http:\/\/desarrollo.grupomedios.com\/futbol\/cambio-de-juego\/new-era-continua-expansion-llega-a-puebla\/2017\/12","title":{"rendered":"New Era contin\u00faa su expansi\u00f3n y llega a Puebla"},"content":{"rendered":"<p><strong>New Era realiz\u00f3<\/strong> la apertura de su s\u00e9ptima tienda oficial y la cuarta fuera de la <strong>Ciudad de M\u00e9xico<\/strong>, en uno de los m\u00e1s reconocidos centros comerciales de la ciudad de <strong>Puebla<\/strong>.<\/p>\n<p>https:\/\/twitter.com\/NewEraPueblaAng\/status\/941862031606603778<\/p>\n<p>Las gorras, l\u00edderes a nivel mundial han marcado tendencia y estilo, con ediciones limitadas en la preferencia de los fan\u00e1ticos de la marca. En ella tambi\u00e9n podr\u00e1s encontrar tus favoritas de la <strong>MLB, NFL, LIGA MX<\/strong> y hasta de franquicias como <strong>DC<\/strong> y <strong>Star Wars<\/strong>, entre muchas otras.<\/p>\n<p>A esta celebraci\u00f3n asistieron invitados especiales, medios de comunicaci\u00f3n, as\u00ed como exclusivos seguidores que gustan y portan el estilo de la marca.<img decoding=\"async\" loading=\"lazy\" class=\"alignnone size-full wp-image-512637\" src=\"https:\/\/www.futboltotal.com.mx\/wp-content\/uploads\/2017\/12\/new-era-1.jpg\" alt=\"New Era contin\u00faa su expansi\u00f3n y llega a Puebla 0\" srcset=\"http:\/\/desarrollo.grupomedios.com\/futbol\/wp-content\/uploads\/2017\/12\/new-era-1.jpg 1136w, http:\/\/desarrollo.grupomedios.com\/futbol\/wp-content\/uploads\/2017\/12\/new-era-1-300x169.jpg 300w, http:\/\/desarrollo.grupomedios.com\/futbol\/wp-content\/uploads\/2017\/12\/new-era-1-768x432.jpg 768w, http:\/\/desarrollo.grupomedios.com\/futbol\/wp-content\/uploads\/2017\/12\/new-era-1-1024x576.jpg 1024w, http:\/\/desarrollo.grupomedios.com\/futbol\/wp-content\/uploads\/2017\/12\/new-era-1-393x221.jpg 393w\" sizes=\"(max-width: 1136px) 100vw, 1136px\" \/><\/p>\n<p>Durante el evento, los invitados pudieron conocer todas las colecciones que New Era tiene, tendencias de ropa, mochilas y gorras adem\u00e1s de celebrar de la nueva apertura.<\/p>\n<p><img decoding=\"async\" loading=\"lazy\" class=\"alignnone size-full wp-image-512639\" src=\"https:\/\/www.futboltotal.com.mx\/wp-content\/uploads\/2017\/12\/new-era-3.jpg\" alt=\"New Era contin\u00faa su expansi\u00f3n y llega a Puebla 1\" srcset=\"http:\/\/desarrollo.grupomedios.com\/futbol\/wp-content\/uploads\/2017\/12\/new-era-3.jpg 1136w, http:\/\/desarrollo.grupomedios.com\/futbol\/wp-content\/uploads\/2017\/12\/new-era-3-300x169.jpg 300w, http:\/\/desarrollo.grupomedios.com\/futbol\/wp-content\/uploads\/2017\/12\/new-era-3-768x432.jpg 768w, http:\/\/desarrollo.grupomedios.com\/futbol\/wp-content\/uploads\/2017\/12\/new-era-3-1024x576.jpg 1024w, http:\/\/desarrollo.grupomedios.com\/futbol\/wp-content\/uploads\/2017\/12\/new-era-3-393x221.jpg 393w\" sizes=\"(max-width: 1136px) 100vw, 1136px\" \/><\/p>\n","protected":false},"excerpt":{"rendered":"<p>La marca de gorras contin\u00faa expandi\u00e9ndose en M\u00e9xico.<\/p>\n","protected":false},"author":129,"featured_media":512638,"comment_status":"closed","ping_status":"closed","sticky":false,"template":"","format":"standard","meta":[],"categories":[5419,6411],"tags":[5460,5953,11406,5461],"_links":{"self":[{"href":"http:\/\/desarrollo.grupomedios.com\/futbol\/wp-json\/wp\/v2\/posts\/512633"}],"collection":[{"href":"http:\/\/desarrollo.grupomedios.com\/futbol\/wp-json\/wp\/v2\/posts"}],"about":[{"href":"http:\/\/desarrollo.grupomedios.com\/futbol\/wp-json\/wp\/v2\/types\/post"}],"author":[{"embeddable":true,"href":"http:\/\/desarrollo.grupomedios.com\/futbol\/wp-json\/wp\/v2\/users\/129"}],"replies":[{"embeddable":true,"href":"http:\/\/desarrollo.grupomedios.com\/futbol\/wp-json\/wp\/v2\/comments?post=512633"}],"version-history":[{"count":1,"href":"http:\/\/desarrollo.grupomedios.com\/futbol\/wp-json\/wp\/v2\/posts\/512633\/revisions"}],"predecessor-version":[{"id":512641,"href":"http:\/\/desarrollo.grupomedios.com\/futbol\/wp-json\/wp\/v2\/posts\/512633\/revisions\/512641"}],"wp:featuredmedia":[{"embeddable":true,"href":"http:\/\/desarrollo.grupomedios.com\/futbol\/wp-json\/wp\/v2\/media\/512638"}],"wp:attachment":[{"href":"http:\/\/desarrollo.grupomedios.com\/futbol\/wp-json\/wp\/v2\/media?parent=512633"}],"wp:term":[{"taxonomy":"category","embeddable":true,"href":"http:\/\/desarrollo.grupomedios.com\/futbol\/wp-json\/wp\/v2\/categories?post=512633"},{"taxonomy":"post_tag","embeddable":true,"href":"http:\/\/desarrollo.grupomedios.com\/futbol\/wp-json\/wp\/v2\/tags?post=512633"}],"curies":[{"name":"wp","href":"https:\/\/api.w.org\/{rel}","templated":true}]}}