{"id":512648,"date":"2017-12-21T09:30:45","date_gmt":"2017-12-21T15:30:45","guid":{"rendered":"https:\/\/www.futboltotal.com.mx\/?p=512648"},"modified":"2017-12-21T09:30:45","modified_gmt":"2017-12-21T15:30:45","slug":"sandro-wagner-nuevo-refuerzo-bayern-munich","status":"publish","type":"post","link":"http:\/\/desarrollo.grupomedios.com\/futbol\/futbol-internacional\/sandro-wagner-nuevo-refuerzo-bayern-munich\/2017\/12","title":{"rendered":"Sandro Wagner, nuevo refuerzo de Bayern Munich"},"content":{"rendered":"<p><strong>POR: STAFF FT<\/strong><\/p>\n<p>El cuadro del <a href=\"https:\/\/www.futboltotal.com.mx\/futbol-internacional\/bundesliga\/bayern-munich-2-borussia-dortmund-1-copa-de-alemania-resumen\/2017\/12\" target=\"_blank\" rel=\"noopener\"><strong>Bayern Munich<\/strong><\/a> hizo oficial el fichaje del delantero,\u00a0<strong><span class=\"classCadenaBusqueda\">Sandro<\/span>\u00a0Wagner<\/strong>, procedente del <strong>Hoffenheim<\/strong>, quien ha firmado un contrato con el cuadro b\u00e1varo luego de pasar el reconocimiento m\u00e9dico y se incorporar\u00e1 con el club el pr\u00f3ximo <strong>1 de enero.<\/strong><\/p>\n<p>Esta contrataci\u00f3n se ha resultado de la petici\u00f3n que tuvo el estelar<strong>\u00a0Robert Lewandowski<\/strong>, quien indic\u00f3 que necesitaba un segundo delantero para tener minutos de descanso, aunado a compensar las ausencias en caso de una lesi\u00f3n, por lo que se busc\u00f3 un segundo punta que hiciera de suplente.<\/p>\n<blockquote class=\"twitter-tweet\" data-lang=\"es\">\n<p dir=\"ltr\" lang=\"de\">Willkommen zur\u00fcck, <a href=\"https:\/\/twitter.com\/hashtag\/SandroWagner?src=hash&amp;ref_src=twsrc%5Etfw\">#SandroWagner<\/a>! \u270c&#x1f44d; <a href=\"https:\/\/twitter.com\/hashtag\/ServusSandro?src=hash&amp;ref_src=twsrc%5Etfw\">#ServusSandro<\/a> <a href=\"https:\/\/twitter.com\/hashtag\/FCBayern?src=hash&amp;ref_src=twsrc%5Etfw\">#FCBayern<\/a> <a href=\"https:\/\/twitter.com\/hashtag\/MiaSanMia?src=hash&amp;ref_src=twsrc%5Etfw\">#MiaSanMia<\/a> <a href=\"https:\/\/t.co\/VQTepQwo87\">pic.twitter.com\/VQTepQwo87<\/a><\/p>\n<p>\u2014 FC Bayern M\u00fcnchen (@FCBayern) <a href=\"https:\/\/twitter.com\/FCBayern\/status\/943768479454449665?ref_src=twsrc%5Etfw\">21 de diciembre de 2017<\/a><\/p><\/blockquote>\n<p><script async src=\"https:\/\/platform.twitter.com\/widgets.js\" charset=\"utf-8\"><\/script><\/p>\n<p style=\"text-align: center;\"><a href=\"https:\/\/www.futboltotal.com.mx\/futbol-internacional\/liga-de-espana\/paco-jemez-nuevo-dt-las-palmas-se-llevaria-a-2-celestes\/2017\/12\" target=\"_blank\" rel=\"noopener\">VER M\u00c1S: Paco J\u00e9mez, nuevo DT de Las Palmas<\/a><\/p>\n<p>El atacante de <strong>30 a\u00f1os<\/strong> es canterano del Bayern y su \u00fanica temporada con el cuadro b\u00e1varo fue en el 2007-2008 y apenas disput\u00f3 cuatro partidos para despu\u00e9s comenzar su desfile por varios equipos. En sus dos \u00faltimas temporadas tuvo un gran rendimiento lo que le llev\u00f3 a formar parte de la<strong> Selecci\u00f3n de Alemania<\/strong> que se coron\u00f3 en la <strong>Copa Confederaciones.<\/strong><\/p>\n<p><strong>&#8220;Estoy muy contento de que esto se haya dado. El Bayern es el mejor equipo de Alemania y uno de los mejores del mundo. Cuando recib\u00ed la oferta no tuve que pensarlo mucho&#8221;<\/strong>, dijo Wagner en declaraciones que recoge la p\u00e1gina web del Bayern Munich, quien pag\u00f3 al Hoffenheim <strong>13 millones de euros<\/strong> por el traspaso.<\/p>\n<p style=\"text-align: center;\"><a href=\"https:\/\/www.futboltotal.com.mx\/futbol-internacional\/copa-libertadores\/libertadores-sudamericana-asi-quedaron-los-grupos\/2017\/12\" target=\"_blank\" rel=\"noopener\">VER M\u00c1S: Los grupos de Copa Libertadores y Copa Sudamericana<\/a><\/p>\n","protected":false},"excerpt":{"rendered":"<p>El atacante llega para jugar como el suplente de Robert Lewandowski<\/p>\n","protected":false},"author":159,"featured_media":512649,"comment_status":"closed","ping_status":"closed","sticky":false,"template":"","format":"standard","meta":[],"categories":[9808,3839],"tags":[2056,119,11197],"_links":{"self":[{"href":"http:\/\/desarrollo.grupomedios.com\/futbol\/wp-json\/wp\/v2\/posts\/512648"}],"collection":[{"href":"http:\/\/desarrollo.grupomedios.com\/futbol\/wp-json\/wp\/v2\/posts"}],"about":[{"href":"http:\/\/desarrollo.grupomedios.com\/futbol\/wp-json\/wp\/v2\/types\/post"}],"author":[{"embeddable":true,"href":"http:\/\/desarrollo.grupomedios.com\/futbol\/wp-json\/wp\/v2\/users\/159"}],"replies":[{"embeddable":true,"href":"http:\/\/desarrollo.grupomedios.com\/futbol\/wp-json\/wp\/v2\/comments?post=512648"}],"version-history":[{"count":1,"href":"http:\/\/desarrollo.grupomedios.com\/futbol\/wp-json\/wp\/v2\/posts\/512648\/revisions"}],"predecessor-version":[{"id":512650,"href":"http:\/\/desarrollo.grupomedios.com\/futbol\/wp-json\/wp\/v2\/posts\/512648\/revisions\/512650"}],"wp:featuredmedia":[{"embeddable":true,"href":"http:\/\/desarrollo.grupomedios.com\/futbol\/wp-json\/wp\/v2\/media\/512649"}],"wp:attachment":[{"href":"http:\/\/desarrollo.grupomedios.com\/futbol\/wp-json\/wp\/v2\/media?parent=512648"}],"wp:term":[{"taxonomy":"category","embeddable":true,"href":"http:\/\/desarrollo.grupomedios.com\/futbol\/wp-json\/wp\/v2\/categories?post=512648"},{"taxonomy":"post_tag","embeddable":true,"href":"http:\/\/desarrollo.grupomedios.com\/futbol\/wp-json\/wp\/v2\/tags?post=512648"}],"curies":[{"name":"wp","href":"https:\/\/api.w.org\/{rel}","templated":true}]}}