{"id":512651,"date":"2017-12-21T10:34:09","date_gmt":"2017-12-21T16:34:09","guid":{"rendered":"https:\/\/www.futboltotal.com.mx\/?p=512651"},"modified":"2017-12-21T10:34:09","modified_gmt":"2017-12-21T16:34:09","slug":"messi-mensaje-navidad-a-neymar-te-seguimos-extranando","status":"publish","type":"post","link":"http:\/\/desarrollo.grupomedios.com\/futbol\/futbol-internacional\/messi-mensaje-navidad-a-neymar-te-seguimos-extranando\/2017\/12","title":{"rendered":"Messi y su mensaje de Navidad a Neymar: &#8220;Te seguimos extra\u00f1ando&#8221;"},"content":{"rendered":"<p>A d\u00edas de <strong>Navidad,<\/strong> todos nos ponemos emotivos y los cracks del f\u00fatbol mundial aprovechan para dar sus mensajes de cari\u00f1o y amor. La cadena de televisi\u00f3n del Brasil, <strong>SBT,<\/strong> realiz\u00f3 un programa especial navide\u00f1o llamado<strong><em> &#8220;Neymar entre amigos&#8221;,<\/em> <\/strong>donde realizaron una particular ronda del popular\u00a0<em>&#8220;amigo secreto&#8221;.<\/em><\/p>\n<p>El show televisivo tuvo como eje central al\u00a0<strong>Instituto Neymar Jr.,<\/strong> la fundaci\u00f3n del jugador estrella del <strong>Paris Saint-Germain.<\/strong> As\u00ed vimos apariciones de 18 \u00eddolos como <strong>Gerard Piqu\u00e9, Dani Alves, Edinson Cavani, Andr\u00e9s Iniesta, Kylian Mbapp\u00e9, Phillipe Coutinho, Thiago Silva, Rafinha, Ivan Rakiti\u0107, Luis Suarez, Lionel Messi<\/strong> y claro, el propio <strong>Neymar Jr.<\/strong><\/p>\n<p style=\"text-align: center;\"><a href=\"https:\/\/www.futboltotal.com.mx\/futbol-internacional\/liga-de-espana\/ivan-rakitic-quiere-ganar-gol-messi-a-los-95\/2017\/12\">VER M\u00c1S: Ivan Rakitic quiere ganar con un gol de Messi a los 95<\/a><\/p>\n<p>Pero el momento m\u00e1s emocionante de este especial fue cuando <strong>Messi<\/strong> revel\u00f3 que su amigo secreto era nada m\u00e1s que su ex compa\u00f1ero de equipo y el protagonista del programa en cuesti\u00f3n.<\/p>\n<p><strong>&#8220;La verdad que ac\u00e1 te seguimos extra\u00f1ando&#8221;,<\/strong> le dijo <strong>Leo<\/strong> a su gran amigo antes de darle un regalo especial que fue directamente de Barcelona a Par\u00eds. &#8220;Me gustar\u00eda seguir compartiendo esos mates que por la ma\u00f1ana compart\u00edamos con Luis (Su\u00e1rez) en el vestuario&#8221;, recordando las cuatro temporadas que compartieron juntos el goleador argentino y el crack brasile\u00f1o.<\/p>\n<p><strong>Neymar,<\/strong> por supuesto, respondi\u00f3 de igual manera desde Francia:<strong> &#8220;Hermano, muchas gracias, para m\u00ed eres un \u00eddolo y adem\u00e1s un gran amigo&#8221;<\/strong><\/p>\n<p>Chequen el video:<\/p>\n<p style=\"text-align: center;\"><iframe loading=\"lazy\" src=\"https:\/\/www.youtube.com\/embed\/fhbqFagziSU\" frameborder=\"0\" allowfullscreen=\"allowfullscreen\"><\/iframe><\/p>\n","protected":false},"excerpt":{"rendered":"<p>En un especial de la cadena brasile\u00f1a SBT, Messi fue el &#8220;amigo secreto&#8221; de Neymar. Checa el video. <\/p>\n","protected":false},"author":165,"featured_media":512655,"comment_status":"closed","ping_status":"closed","sticky":false,"template":"","format":"standard","meta":[],"categories":[3839,5951],"tags":[6052,2086,5984,5983,6037,11407,6214,6015,5132,8525,5253,6012,6016,248,6587,6001,7471,1376,8765,114,5032,11408,6010],"_links":{"self":[{"href":"http:\/\/desarrollo.grupomedios.com\/futbol\/wp-json\/wp\/v2\/posts\/512651"}],"collection":[{"href":"http:\/\/desarrollo.grupomedios.com\/futbol\/wp-json\/wp\/v2\/posts"}],"about":[{"href":"http:\/\/desarrollo.grupomedios.com\/futbol\/wp-json\/wp\/v2\/types\/post"}],"author":[{"embeddable":true,"href":"http:\/\/desarrollo.grupomedios.com\/futbol\/wp-json\/wp\/v2\/users\/165"}],"replies":[{"embeddable":true,"href":"http:\/\/desarrollo.grupomedios.com\/futbol\/wp-json\/wp\/v2\/comments?post=512651"}],"version-history":[{"count":2,"href":"http:\/\/desarrollo.grupomedios.com\/futbol\/wp-json\/wp\/v2\/posts\/512651\/revisions"}],"predecessor-version":[{"id":512657,"href":"http:\/\/desarrollo.grupomedios.com\/futbol\/wp-json\/wp\/v2\/posts\/512651\/revisions\/512657"}],"wp:featuredmedia":[{"embeddable":true,"href":"http:\/\/desarrollo.grupomedios.com\/futbol\/wp-json\/wp\/v2\/media\/512655"}],"wp:attachment":[{"href":"http:\/\/desarrollo.grupomedios.com\/futbol\/wp-json\/wp\/v2\/media?parent=512651"}],"wp:term":[{"taxonomy":"category","embeddable":true,"href":"http:\/\/desarrollo.grupomedios.com\/futbol\/wp-json\/wp\/v2\/categories?post=512651"},{"taxonomy":"post_tag","embeddable":true,"href":"http:\/\/desarrollo.grupomedios.com\/futbol\/wp-json\/wp\/v2\/tags?post=512651"}],"curies":[{"name":"wp","href":"https:\/\/api.w.org\/{rel}","templated":true}]}}