{"id":512658,"date":"2017-12-21T10:50:33","date_gmt":"2017-12-21T16:50:33","guid":{"rendered":"https:\/\/www.futboltotal.com.mx\/?p=512658"},"modified":"2017-12-21T10:50:33","modified_gmt":"2017-12-21T16:50:33","slug":"mexico-se-mantiene-en-puesto-16-ranking-fifa","status":"publish","type":"post","link":"http:\/\/desarrollo.grupomedios.com\/futbol\/destacado-home\/mexico-se-mantiene-en-puesto-16-ranking-fifa\/2017\/12","title":{"rendered":"M\u00e9xico se mantiene en puesto 16 de ranking FIFA"},"content":{"rendered":"<p><strong>POR: STAFF FT<\/strong><\/p>\n<p>Se dio a conocer el \u00faltimo<strong> ranking FIFA del 2017<\/strong> y la <strong>Selecci\u00f3n Mexicana<\/strong> de<strong> Juan Carlos Osorio<\/strong> se mantuvo en el <strong>puesto 16<\/strong>, mismo que ocupaba en el pasado mes, con lo que se ha colocado como el mejor de Concacaf teniendo<strong> 1032 puntos<\/strong>.<\/p>\n<p>En el segundo puesto de Concacaf se encuentra <strong>Costa Rica<\/strong> quien tiene 850 puntos y es el lugar 26, mientras que <strong>Estados Unidos<\/strong> est\u00e1 con 867 y se mantiene en la posici\u00f3n 24 a pesar de no haber calificado a la <strong>Copa del Mundo de Rusia 2018.<\/strong><\/p>\n<p style=\"text-align: center;\"><a href=\"https:\/\/www.futboltotal.com.mx\/futbol-mexicano\/liga-mx\/andre-pierre-gignac-haria-esfuerzo-jugar-en-boca-juniors\/2017\/12\" target=\"_blank\" rel=\"noopener\">VER M\u00c1S: Andr\u00e9-Pierre Gignac har\u00eda un esfuerzo para ir a Boca Juniors<\/a><\/p>\n<p>Por su parte, <strong>Alemania<\/strong> se mantuvo como el primer lugar del ranking con 1602 puntos, seguido de <strong>Brasil y Portugal,<\/strong> quienes tambi\u00e9n se mantienen en puestos importantes. Ninguno de los primeros<strong> 35 puestos<\/strong> tuvo movimiento luego del escaso n\u00famero de partidos internacionales disputados desde la \u00faltima<strong> fecha FIFA<\/strong> en Noviembre.<\/p>\n<p><strong>Estos son los primeros 10 puestos del ranking FIFA.<\/strong><\/p>\n<p>1. Alemania<\/p>\n<p>2. Brasil<\/p>\n<p>3. Portugal<\/p>\n<p>4. Argentina<\/p>\n<p>5. B\u00e9lgica<\/p>\n<p>6. Espa\u00f1a<\/p>\n<p>7. Polonia<\/p>\n<p>8. Suiza<\/p>\n<p>9. Francia<\/p>\n<p>10. Chile<\/p>\n<p style=\"text-align: center;\"><a href=\"https:\/\/www.futboltotal.com.mx\/futbol-internacional\/liga-de-espana\/paco-jemez-nuevo-dt-las-palmas-se-llevaria-a-2-celestes\/2017\/12\" target=\"_blank\" rel=\"noopener\">VER M\u00c1S: Paco J\u00e9mez quiere a dos celestes en Las Palmas<\/a><\/p>\n","protected":false},"excerpt":{"rendered":"<p>El Tri no se movi\u00f3 ninguna posici\u00f3n en el \u00faltimo conteo del a\u00f1o<\/p>\n","protected":false},"author":159,"featured_media":512659,"comment_status":"closed","ping_status":"closed","sticky":false,"template":"","format":"standard","meta":[],"categories":[5,2198,3847],"tags":[125,361,65,2232,409],"_links":{"self":[{"href":"http:\/\/desarrollo.grupomedios.com\/futbol\/wp-json\/wp\/v2\/posts\/512658"}],"collection":[{"href":"http:\/\/desarrollo.grupomedios.com\/futbol\/wp-json\/wp\/v2\/posts"}],"about":[{"href":"http:\/\/desarrollo.grupomedios.com\/futbol\/wp-json\/wp\/v2\/types\/post"}],"author":[{"embeddable":true,"href":"http:\/\/desarrollo.grupomedios.com\/futbol\/wp-json\/wp\/v2\/users\/159"}],"replies":[{"embeddable":true,"href":"http:\/\/desarrollo.grupomedios.com\/futbol\/wp-json\/wp\/v2\/comments?post=512658"}],"version-history":[{"count":2,"href":"http:\/\/desarrollo.grupomedios.com\/futbol\/wp-json\/wp\/v2\/posts\/512658\/revisions"}],"predecessor-version":[{"id":512661,"href":"http:\/\/desarrollo.grupomedios.com\/futbol\/wp-json\/wp\/v2\/posts\/512658\/revisions\/512661"}],"wp:featuredmedia":[{"embeddable":true,"href":"http:\/\/desarrollo.grupomedios.com\/futbol\/wp-json\/wp\/v2\/media\/512659"}],"wp:attachment":[{"href":"http:\/\/desarrollo.grupomedios.com\/futbol\/wp-json\/wp\/v2\/media?parent=512658"}],"wp:term":[{"taxonomy":"category","embeddable":true,"href":"http:\/\/desarrollo.grupomedios.com\/futbol\/wp-json\/wp\/v2\/categories?post=512658"},{"taxonomy":"post_tag","embeddable":true,"href":"http:\/\/desarrollo.grupomedios.com\/futbol\/wp-json\/wp\/v2\/tags?post=512658"}],"curies":[{"name":"wp","href":"https:\/\/api.w.org\/{rel}","templated":true}]}}