{"id":512665,"date":"2017-12-21T11:53:26","date_gmt":"2017-12-21T17:53:26","guid":{"rendered":"https:\/\/www.futboltotal.com.mx\/?p=512665"},"modified":"2017-12-21T11:53:26","modified_gmt":"2017-12-21T17:53:26","slug":"milan-responde-interes-barcelona-city-bonucci","status":"publish","type":"post","link":"http:\/\/desarrollo.grupomedios.com\/futbol\/futbol-internacional\/milan-responde-interes-barcelona-city-bonucci\/2017\/12","title":{"rendered":"Milan responde sobre el inter\u00e9s de Barcelona y City por Bonucci"},"content":{"rendered":"<p>El <strong>Milan<\/strong> desminti\u00f3 este jueves los rumores difundidos por la prensa italiana sobre un posible inter\u00e9s del <strong>Barcelona<\/strong> o del <strong>Manchester City<\/strong> para hacerse con el defensa, internacional italiano, <strong>Leonardo Bonucci<\/strong>.<\/p>\n<p>El Milan defini\u00f3 dichas suposiciones como unas &#8220;deducciones realmente inaceptables&#8221; a trav\u00e9s de una nota publicada en su p\u00e1gina web, en la que subraya que el futbolista &#8220;cree totalmente en el proyecto&#8221; del club por el que fich\u00f3 este verano.<\/p>\n<p style=\"text-align: center;\"><span style=\"color: #3366ff;\"><a href=\"https:\/\/www.futboltotal.com.mx\/futbol-internacional\/bundesliga\/sandro-wagner-nuevo-refuerzo-bayern-munich\/2017\/12\">VER M\u00c1S: Sandro Wagner, nuevo refuerzo de Bayern Munich<\/a><\/span><\/p>\n<p>&#8220;Esto demuestra que las historias previas a la Navidad se basan absolutamente en la nada. El capit\u00e1n &#8216;rossonero&#8217; est\u00e1 trabajando duro, como todos sus compa\u00f1eros, en la concentraci\u00f3n, para salir con todo el Milan de una posici\u00f3n en la tabla muy negativa&#8221;, public\u00f3 el club.<\/p>\n<p>La nota del Milan fue difundida despu\u00e9s de que varios medios deportivos italianos aseguraran este jueves que Bonucci est\u00e1 &#8220;tentado&#8221; por la idea de disputar la pr\u00f3xima Liga de Campeones en clubes como el Barcelona o el Manchester City del t\u00e9cnico espa\u00f1ol <strong>Pep Guardiola<\/strong>.<\/p>\n<p>Entre ellos, el diario <em>Corriere dello Sport<\/em>\u00a0public\u00f3 hoy una nota en la que sostiene que el Barcelona &#8220;est\u00e1 listo&#8221; para sustituir una eventual salida del argentino <strong>Javier Mascherano<\/strong> con el propio Bonucci.<\/p>\n<p>El italiano, que dej\u00f3 al Juventus en julio para fichar por el Milan a cambio de 40 millones de euros (unos 47.4 millones de d\u00f3lares), ha sido uno de los m\u00e1s criticados por la mala temporada del club milan\u00e9s, actualmente octavo en la tabla.<\/p>\n<p>El equipo que dirige el t\u00e9cnico <strong>Gennaro Gattuso<\/strong> est\u00e1 concentrado en el <strong>centro deportivo de<\/strong> <strong>Milanello<\/strong> desde el pasado lunes para trabajar y reaccionar despu\u00e9s de la contundente derrota 0-3 sufrida el domingo contra el<strong> Hellas Verona<\/strong> en la liga italiana. EFE<\/p>\n","protected":false},"excerpt":{"rendered":"<p>Los italianos aseguraron que solo se trata de rumores del mercado de invierno.<\/p>\n","protected":false},"author":129,"featured_media":498684,"comment_status":"closed","ping_status":"closed","sticky":false,"template":"","format":"standard","meta":[],"categories":[3839,3848],"tags":[5984,7459,5993,242],"_links":{"self":[{"href":"http:\/\/desarrollo.grupomedios.com\/futbol\/wp-json\/wp\/v2\/posts\/512665"}],"collection":[{"href":"http:\/\/desarrollo.grupomedios.com\/futbol\/wp-json\/wp\/v2\/posts"}],"about":[{"href":"http:\/\/desarrollo.grupomedios.com\/futbol\/wp-json\/wp\/v2\/types\/post"}],"author":[{"embeddable":true,"href":"http:\/\/desarrollo.grupomedios.com\/futbol\/wp-json\/wp\/v2\/users\/129"}],"replies":[{"embeddable":true,"href":"http:\/\/desarrollo.grupomedios.com\/futbol\/wp-json\/wp\/v2\/comments?post=512665"}],"version-history":[{"count":1,"href":"http:\/\/desarrollo.grupomedios.com\/futbol\/wp-json\/wp\/v2\/posts\/512665\/revisions"}],"predecessor-version":[{"id":512666,"href":"http:\/\/desarrollo.grupomedios.com\/futbol\/wp-json\/wp\/v2\/posts\/512665\/revisions\/512666"}],"wp:featuredmedia":[{"embeddable":true,"href":"http:\/\/desarrollo.grupomedios.com\/futbol\/wp-json\/wp\/v2\/media\/498684"}],"wp:attachment":[{"href":"http:\/\/desarrollo.grupomedios.com\/futbol\/wp-json\/wp\/v2\/media?parent=512665"}],"wp:term":[{"taxonomy":"category","embeddable":true,"href":"http:\/\/desarrollo.grupomedios.com\/futbol\/wp-json\/wp\/v2\/categories?post=512665"},{"taxonomy":"post_tag","embeddable":true,"href":"http:\/\/desarrollo.grupomedios.com\/futbol\/wp-json\/wp\/v2\/tags?post=512665"}],"curies":[{"name":"wp","href":"https:\/\/api.w.org\/{rel}","templated":true}]}}