{"id":512667,"date":"2017-12-21T13:07:26","date_gmt":"2017-12-21T19:07:26","guid":{"rendered":"https:\/\/www.futboltotal.com.mx\/?p=512667"},"modified":"2017-12-22T18:05:05","modified_gmt":"2017-12-23T00:05:05","slug":"nike-lanza-los-mercurial-puro-fenomeno-en-homenaje-a-ronaldo-neymar","status":"publish","type":"post","link":"http:\/\/desarrollo.grupomedios.com\/futbol\/no-todo-es-futbol\/nike-lanza-los-mercurial-puro-fenomeno-en-homenaje-a-ronaldo-neymar\/2017\/12","title":{"rendered":"Nike lanza los Mercurial Puro Fenomeno en homenaje a Ronaldo y Neymar"},"content":{"rendered":"<p>El \u00eddolo brasile\u00f1o, <strong>Ronaldo<\/strong>, mejor conocido como <em>El Fen\u00f3meno<\/em>\u00a0debut\u00f3 los primeros<strong> Mercurial<\/strong> hace casi veinte a\u00f1os. El calzado era \u00fanico y totalmente diferente a los que se utilizaban en esa \u00e9poca, &#8220;este modelo cambi\u00f3 el futbol,&#8221; menciona Ronaldo.<\/p>\n<p>&#8220;Fui parte del desarrollo de Mercurial desde sus inicios, esa bota fue por mucho tiempo parte de m\u00ed. Fue un proyecto incre\u00edble y los resultados fueron maravillosos. Cambiamos el juego del futbol y se escribi\u00f3 un cap\u00edtulo nuevo en la historia del calzado para jugar este deporte&#8221;.<\/p>\n<p style=\"text-align: center;\"><span style=\"color: #3366ff;\"><a href=\"https:\/\/www.futboltotal.com.mx\/futbol-internacional\/messi-mensaje-navidad-a-neymar-te-seguimos-extranando\/2017\/12\">VER M\u00c1S: Messi y su mensaje de Navidad a Neymar: \u201cTe seguimos extra\u00f1ando\u201d<\/a><\/span><\/p>\n<p><img decoding=\"async\" loading=\"lazy\" class=\"alignnone size-full wp-image-512673\" src=\"https:\/\/www.futboltotal.com.mx\/wp-content\/uploads\/2017\/12\/nike-r9-mercurial.jpg\" alt=\"Nike lanza los Mercurial Puro Fenomeno en homenaje a Ronaldo y Neymar 0\" srcset=\"http:\/\/desarrollo.grupomedios.com\/futbol\/wp-content\/uploads\/2017\/12\/nike-r9-mercurial.jpg 1136w, http:\/\/desarrollo.grupomedios.com\/futbol\/wp-content\/uploads\/2017\/12\/nike-r9-mercurial-300x169.jpg 300w, http:\/\/desarrollo.grupomedios.com\/futbol\/wp-content\/uploads\/2017\/12\/nike-r9-mercurial-768x432.jpg 768w, http:\/\/desarrollo.grupomedios.com\/futbol\/wp-content\/uploads\/2017\/12\/nike-r9-mercurial-1024x576.jpg 1024w, http:\/\/desarrollo.grupomedios.com\/futbol\/wp-content\/uploads\/2017\/12\/nike-r9-mercurial-393x221.jpg 393w\" sizes=\"(max-width: 1136px) 100vw, 1136px\" \/><\/p>\n<p>El Mercurial impresion\u00f3 a un joven Neymar Jr. que creci\u00f3 en <strong>Santos, Brasil<\/strong>. &#8220;Esas eran las botas que todo el mundo quer\u00eda, yo tambi\u00e9n las quer\u00eda.&#8221;<br \/>\nCuando Neymar debut\u00f3 para el equipo nacional de Brasil (con tan solo 18 a\u00f1os de edad), llevaba el <strong>Mercurial Superfly II<\/strong>. &#8220;Marqu\u00e9 mi primer gol para Brasil en esas botas&#8221;, recuerda Neymar Jr., &#8220;por lo que siempre ser\u00e1n muy especiales para m\u00ed&#8221;. Las nuevas botas <strong>Mercurial Puro Fenomeno<\/strong> de <strong>Nike<\/strong> fueron inspiradas en la est\u00e9tica de ese modelo y rinden homenaje al Mercurial original de Ronaldo.<\/p>\n<p><img decoding=\"async\" loading=\"lazy\" class=\"alignnone size-full wp-image-512676\" src=\"https:\/\/www.futboltotal.com.mx\/wp-content\/uploads\/2017\/12\/nike-mercurial-3.jpg\" alt=\"Nike lanza los Mercurial Puro Fenomeno en homenaje a Ronaldo y Neymar 1\" srcset=\"http:\/\/desarrollo.grupomedios.com\/futbol\/wp-content\/uploads\/2017\/12\/nike-mercurial-3.jpg 1136w, http:\/\/desarrollo.grupomedios.com\/futbol\/wp-content\/uploads\/2017\/12\/nike-mercurial-3-300x169.jpg 300w, http:\/\/desarrollo.grupomedios.com\/futbol\/wp-content\/uploads\/2017\/12\/nike-mercurial-3-768x432.jpg 768w, http:\/\/desarrollo.grupomedios.com\/futbol\/wp-content\/uploads\/2017\/12\/nike-mercurial-3-1024x576.jpg 1024w, http:\/\/desarrollo.grupomedios.com\/futbol\/wp-content\/uploads\/2017\/12\/nike-mercurial-3-393x221.jpg 393w\" sizes=\"(max-width: 1136px) 100vw, 1136px\" \/><\/p>\n<p>La parte lateral del calzado presenta el ic\u00f3nico color cromado y azul del Mercurial &#8217;98. Las franjas de velocidad del Mercurial moderno se han modificado para imitar las l\u00edneas onduladas que ten\u00eda el modelo original. Las puntas negras de los tachones tambi\u00e9n hacen referencia a la versi\u00f3n de 1998.<\/p>\n<p>La parte central del calzado presenta el audaz gr\u00e1fico del <strong>Mercurial Superfly II<\/strong> que llevaba<strong> Neymar Jr<\/strong>. cuando irrumpi\u00f3 en el futbol internacional. &#8220;Ousadia&#8221; y &#8220;Alegria&#8221; tambi\u00e9n aparecen en la parte media lateral de las botas, consistente con el estilo de juego atrevido y alegre por el que Neymar Jr. es conocido en todo el mundo. El logotipo personal de Neymar se presenta en el tal\u00f3n.<\/p>\n<p><img decoding=\"async\" loading=\"lazy\" class=\"alignnone size-full wp-image-512677\" src=\"https:\/\/www.futboltotal.com.mx\/wp-content\/uploads\/2017\/12\/nike-mercurial-fenomeno-4.jpg\" alt=\"Nike lanza los Mercurial Puro Fenomeno en homenaje a Ronaldo y Neymar 2\" srcset=\"http:\/\/desarrollo.grupomedios.com\/futbol\/wp-content\/uploads\/2017\/12\/nike-mercurial-fenomeno-4.jpg 1136w, http:\/\/desarrollo.grupomedios.com\/futbol\/wp-content\/uploads\/2017\/12\/nike-mercurial-fenomeno-4-300x169.jpg 300w, http:\/\/desarrollo.grupomedios.com\/futbol\/wp-content\/uploads\/2017\/12\/nike-mercurial-fenomeno-4-768x432.jpg 768w, http:\/\/desarrollo.grupomedios.com\/futbol\/wp-content\/uploads\/2017\/12\/nike-mercurial-fenomeno-4-1024x576.jpg 1024w, http:\/\/desarrollo.grupomedios.com\/futbol\/wp-content\/uploads\/2017\/12\/nike-mercurial-fenomeno-4-393x221.jpg 393w\" sizes=\"(max-width: 1136px) 100vw, 1136px\" \/> <img decoding=\"async\" loading=\"lazy\" class=\"alignnone size-full wp-image-512678\" src=\"https:\/\/www.futboltotal.com.mx\/wp-content\/uploads\/2017\/12\/nike-mercurial-fenomeno-5.jpg\" alt=\"Nike lanza los Mercurial Puro Fenomeno en homenaje a Ronaldo y Neymar 3\" srcset=\"http:\/\/desarrollo.grupomedios.com\/futbol\/wp-content\/uploads\/2017\/12\/nike-mercurial-fenomeno-5.jpg 1136w, http:\/\/desarrollo.grupomedios.com\/futbol\/wp-content\/uploads\/2017\/12\/nike-mercurial-fenomeno-5-300x169.jpg 300w, http:\/\/desarrollo.grupomedios.com\/futbol\/wp-content\/uploads\/2017\/12\/nike-mercurial-fenomeno-5-768x432.jpg 768w, http:\/\/desarrollo.grupomedios.com\/futbol\/wp-content\/uploads\/2017\/12\/nike-mercurial-fenomeno-5-1024x576.jpg 1024w, http:\/\/desarrollo.grupomedios.com\/futbol\/wp-content\/uploads\/2017\/12\/nike-mercurial-fenomeno-5-393x221.jpg 393w\" sizes=\"(max-width: 1136px) 100vw, 1136px\" \/><\/p>\n<blockquote>\n<h3>&#8220;La asociaci\u00f3n entre Neymar y Mercurial es perfecta. \u00c9l tiene esta caracter\u00edstica en su juego, es muy r\u00e1pido, puede cambiar bruscamente de direcci\u00f3n. En el ftbol, el calzado que utilizas tiene que ayudar a tener un mejor desempe\u00f1o, tiene que ser parte de ti, estar a tu disposici\u00f3n. El Mercurial tiene este poder,&#8221; menciona Ronaldo.<\/h3>\n<\/blockquote>\n","protected":false},"excerpt":{"rendered":"<p>Las nuevos tenis de Nike buscan que Neymar siga el legado de Ronaldo.<\/p>\n","protected":false},"author":129,"featured_media":512671,"comment_status":"closed","ping_status":"closed","sticky":false,"template":"","format":"standard","meta":[],"categories":[5419,5418,6411],"tags":[6009,11409,6001,7471,377,1504,7438],"_links":{"self":[{"href":"http:\/\/desarrollo.grupomedios.com\/futbol\/wp-json\/wp\/v2\/posts\/512667"}],"collection":[{"href":"http:\/\/desarrollo.grupomedios.com\/futbol\/wp-json\/wp\/v2\/posts"}],"about":[{"href":"http:\/\/desarrollo.grupomedios.com\/futbol\/wp-json\/wp\/v2\/types\/post"}],"author":[{"embeddable":true,"href":"http:\/\/desarrollo.grupomedios.com\/futbol\/wp-json\/wp\/v2\/users\/129"}],"replies":[{"embeddable":true,"href":"http:\/\/desarrollo.grupomedios.com\/futbol\/wp-json\/wp\/v2\/comments?post=512667"}],"version-history":[{"count":1,"href":"http:\/\/desarrollo.grupomedios.com\/futbol\/wp-json\/wp\/v2\/posts\/512667\/revisions"}],"predecessor-version":[{"id":512679,"href":"http:\/\/desarrollo.grupomedios.com\/futbol\/wp-json\/wp\/v2\/posts\/512667\/revisions\/512679"}],"wp:featuredmedia":[{"embeddable":true,"href":"http:\/\/desarrollo.grupomedios.com\/futbol\/wp-json\/wp\/v2\/media\/512671"}],"wp:attachment":[{"href":"http:\/\/desarrollo.grupomedios.com\/futbol\/wp-json\/wp\/v2\/media?parent=512667"}],"wp:term":[{"taxonomy":"category","embeddable":true,"href":"http:\/\/desarrollo.grupomedios.com\/futbol\/wp-json\/wp\/v2\/categories?post=512667"},{"taxonomy":"post_tag","embeddable":true,"href":"http:\/\/desarrollo.grupomedios.com\/futbol\/wp-json\/wp\/v2\/tags?post=512667"}],"curies":[{"name":"wp","href":"https:\/\/api.w.org\/{rel}","templated":true}]}}