{"id":512672,"date":"2017-12-21T12:58:01","date_gmt":"2017-12-21T18:58:01","guid":{"rendered":"https:\/\/www.futboltotal.com.mx\/?p=512672"},"modified":"2017-12-21T12:58:01","modified_gmt":"2017-12-21T18:58:01","slug":"dorlan-pabon-podria-nuevo-refuerzo-america","status":"publish","type":"post","link":"http:\/\/desarrollo.grupomedios.com\/futbol\/futbol-mexicano\/dorlan-pabon-podria-nuevo-refuerzo-america\/2017\/12","title":{"rendered":"Dorlan Pab\u00f3n podr\u00eda ser nuevo refuerzo de Am\u00e9rica"},"content":{"rendered":"<p><strong>POR: STAFF FT<\/strong><\/p>\n<p>El cuadro de las <strong>\u00c1guilas del Am\u00e9rica<\/strong> tendr\u00eda un refuerzo de cara al<strong> Clausura 2018<\/strong> y ser\u00eda del mercado azteca, pues tendr\u00edan en la mira al colombiano <strong>Dorlan Pab\u00f3n<\/strong>, quien ya no entrar\u00eda en planes con los Rayados de Monterrey para el siguiente torneo.<\/p>\n<p>De acuerdo a Fox Sports el elegido para refuerzo del equipo azulcrema Dorlan Pab\u00f3n, pues este perder\u00eda protagonismo con la llegada del uruguayo <strong>Jonathan Urretaviscaya<\/strong>, quien se ha convertido en jugador de Monterrey. A pesar que los de Coapa est\u00e1n buscando refuerzos de Europa no es descabellado pensar que el colombiano podr\u00eda ser refuerzo de Am\u00e9rica.<\/p>\n<p style=\"text-align: center;\"><a href=\"https:\/\/www.futboltotal.com.mx\/futbol-mexicano\/liga-mx\/intentamos-ir-hector-moreno-se-pudo-jorge-vergara\/2017\/12\" target=\"_blank\" rel=\"noopener\">VER M\u00c1S: Chivas busc\u00f3 a H\u00e9ctor Moreno de la Roma<\/a><\/p>\n<p>El estratega de las \u00c1guilas, <strong>Miguel &#8216;Piojo&#8217; Herrera<\/strong> revel\u00f3 que prefer\u00eda apuntalar la plantilla con jugadores que ya conozcan la <strong>Liga MX<\/strong> y no tarden mucho en adaptarse al equipo, algo que no le pasar\u00eda a Pab\u00f3n en caso de llegar a Coapa.<\/p>\n<p>Por otro lado, los azulcremas no han sido los \u00fanicos interesados en el jugador, pues desde Colombia y Argentina, <a href=\"https:\/\/www.futboltotal.com.mx\/futbol-mexicano\/liga-mx\/dorlan-pabon-tendria-las-horas-contadas-rayados\/2017\/12\" target=\"_blank\" rel=\"noopener\"><strong>Atl\u00e9tico Nacional y San Lorenzo<\/strong> <\/a>han mostrado inter\u00e9s por el atacante.<\/p>\n<p style=\"text-align: center;\"><a href=\"https:\/\/www.futboltotal.com.mx\/futbol-mexicano\/ascenso-mx\/atlante-tendria-a-delantero-europeo-claudiu-keseru\/2017\/12\" target=\"_blank\" rel=\"noopener\">VER M\u00c1S: Atlante tiene en la mira a delantero rumano<\/a><\/p>\n<p>&nbsp;<\/p>\n","protected":false},"excerpt":{"rendered":"<p>El colombiano ya no entra en planes con Rayados de Monterrey<\/p>\n","protected":false},"author":159,"featured_media":512674,"comment_status":"closed","ping_status":"closed","sticky":false,"template":"","format":"standard","meta":[],"categories":[2198,3845],"tags":[5959,2612,64,5966,497],"_links":{"self":[{"href":"http:\/\/desarrollo.grupomedios.com\/futbol\/wp-json\/wp\/v2\/posts\/512672"}],"collection":[{"href":"http:\/\/desarrollo.grupomedios.com\/futbol\/wp-json\/wp\/v2\/posts"}],"about":[{"href":"http:\/\/desarrollo.grupomedios.com\/futbol\/wp-json\/wp\/v2\/types\/post"}],"author":[{"embeddable":true,"href":"http:\/\/desarrollo.grupomedios.com\/futbol\/wp-json\/wp\/v2\/users\/159"}],"replies":[{"embeddable":true,"href":"http:\/\/desarrollo.grupomedios.com\/futbol\/wp-json\/wp\/v2\/comments?post=512672"}],"version-history":[{"count":1,"href":"http:\/\/desarrollo.grupomedios.com\/futbol\/wp-json\/wp\/v2\/posts\/512672\/revisions"}],"predecessor-version":[{"id":512675,"href":"http:\/\/desarrollo.grupomedios.com\/futbol\/wp-json\/wp\/v2\/posts\/512672\/revisions\/512675"}],"wp:featuredmedia":[{"embeddable":true,"href":"http:\/\/desarrollo.grupomedios.com\/futbol\/wp-json\/wp\/v2\/media\/512674"}],"wp:attachment":[{"href":"http:\/\/desarrollo.grupomedios.com\/futbol\/wp-json\/wp\/v2\/media?parent=512672"}],"wp:term":[{"taxonomy":"category","embeddable":true,"href":"http:\/\/desarrollo.grupomedios.com\/futbol\/wp-json\/wp\/v2\/categories?post=512672"},{"taxonomy":"post_tag","embeddable":true,"href":"http:\/\/desarrollo.grupomedios.com\/futbol\/wp-json\/wp\/v2\/tags?post=512672"}],"curies":[{"name":"wp","href":"https:\/\/api.w.org\/{rel}","templated":true}]}}