{"id":512680,"date":"2017-12-21T13:33:10","date_gmt":"2017-12-21T19:33:10","guid":{"rendered":"https:\/\/www.futboltotal.com.mx\/?p=512680"},"modified":"2017-12-21T13:33:10","modified_gmt":"2017-12-21T19:33:10","slug":"se-queda-cecilio-dominguez-saldra-del-america","status":"publish","type":"post","link":"http:\/\/desarrollo.grupomedios.com\/futbol\/futbol-mexicano\/se-queda-cecilio-dominguez-saldra-del-america\/2017\/12","title":{"rendered":"\u00a1Se queda! Cecilio Dom\u00ednguez no saldr\u00e1 del Am\u00e9rica"},"content":{"rendered":"<p>En <strong>Am\u00e9rica<\/strong> siguen buscando refuerzos para apuntalar al plantel con miras al <strong>Clausura 2018<\/strong>, en el que se mantendr\u00e1 el paraguayo <strong>Cecilio Dom\u00ednguez<\/strong>, seg\u00fan su representante.<\/p>\n<p>El delantero est\u00e1 con el resto de la plantilla en <strong>Quer\u00e9taro<\/strong> en el inicio de la pretemporada y su agente, <strong>Diego Serrati<\/strong>, asegur\u00f3 al portal<em> Mediotiempo<\/em> que el jugador no saldr\u00e1 del equipo.<\/p>\n<p style=\"text-align: center;\"><span style=\"color: #3366ff;\"><a href=\"https:\/\/www.futboltotal.com.mx\/futbol-mexicano\/liga-mx\/dorlan-pabon-podria-nuevo-refuerzo-america\/2017\/12\">VER M\u00c1S: Dorlan Pab\u00f3n podr\u00eda ser nuevo refuerzo de Am\u00e9rica<\/a><\/span><\/p>\n<p>&#8220;Est\u00e1 en la pretemporada y \u00e9l est\u00e1 muy contento. Tiene contrato por tres a\u00f1os m\u00e1s y no sale del Am\u00e9rica&#8221;, dijo en llamada telef\u00f3nica.<\/p>\n<p>El atacante tuvo un 2017 de pobres n\u00fameros, con seis goles entre ambos torneos (Liga y Copa), pero el \u00faltimo de ellos fue en la Jornada 3 del reci\u00e9n finalizado Apertura 2017.<\/p>\n<p>Junto a Dom\u00ednguez,<strong> las \u00c1guilas<\/strong> han buscado vender los derechos de <strong>Silvio Romero<\/strong> y <strong>Darwin Quintero<\/strong>, hasta el momento sin \u00e9xito, tal como sucede con los refuerzos, a falta de un par de semanas para el inicio del <strong>Clausura 2018<\/strong>.<\/p>\n<p><em>*Con informaci\u00f3n de Mediotiempo<\/em><\/p>\n","protected":false},"excerpt":{"rendered":"<p>El representante del paraguayo asegur\u00f3 que estar\u00e1 una temporada m\u00e1s.<\/p>\n","protected":false},"author":129,"featured_media":492621,"comment_status":"closed","ping_status":"closed","sticky":false,"template":"","format":"standard","meta":[],"categories":[2198,3845],"tags":[5959,7881,64],"_links":{"self":[{"href":"http:\/\/desarrollo.grupomedios.com\/futbol\/wp-json\/wp\/v2\/posts\/512680"}],"collection":[{"href":"http:\/\/desarrollo.grupomedios.com\/futbol\/wp-json\/wp\/v2\/posts"}],"about":[{"href":"http:\/\/desarrollo.grupomedios.com\/futbol\/wp-json\/wp\/v2\/types\/post"}],"author":[{"embeddable":true,"href":"http:\/\/desarrollo.grupomedios.com\/futbol\/wp-json\/wp\/v2\/users\/129"}],"replies":[{"embeddable":true,"href":"http:\/\/desarrollo.grupomedios.com\/futbol\/wp-json\/wp\/v2\/comments?post=512680"}],"version-history":[{"count":1,"href":"http:\/\/desarrollo.grupomedios.com\/futbol\/wp-json\/wp\/v2\/posts\/512680\/revisions"}],"predecessor-version":[{"id":512681,"href":"http:\/\/desarrollo.grupomedios.com\/futbol\/wp-json\/wp\/v2\/posts\/512680\/revisions\/512681"}],"wp:featuredmedia":[{"embeddable":true,"href":"http:\/\/desarrollo.grupomedios.com\/futbol\/wp-json\/wp\/v2\/media\/492621"}],"wp:attachment":[{"href":"http:\/\/desarrollo.grupomedios.com\/futbol\/wp-json\/wp\/v2\/media?parent=512680"}],"wp:term":[{"taxonomy":"category","embeddable":true,"href":"http:\/\/desarrollo.grupomedios.com\/futbol\/wp-json\/wp\/v2\/categories?post=512680"},{"taxonomy":"post_tag","embeddable":true,"href":"http:\/\/desarrollo.grupomedios.com\/futbol\/wp-json\/wp\/v2\/tags?post=512680"}],"curies":[{"name":"wp","href":"https:\/\/api.w.org\/{rel}","templated":true}]}}