{"id":512687,"date":"2017-12-21T14:59:42","date_gmt":"2017-12-21T20:59:42","guid":{"rendered":"https:\/\/www.futboltotal.com.mx\/?p=512687"},"modified":"2017-12-22T18:07:44","modified_gmt":"2017-12-23T00:07:44","slug":"lo-mejor-del-2017-los-retiros","status":"publish","type":"post","link":"http:\/\/desarrollo.grupomedios.com\/futbol\/videos\/lo-mejor-del-2017-los-retiros\/2017\/12","title":{"rendered":"Lo mejor del 2017: Los retiros del a\u00f1o"},"content":{"rendered":"<p>El 2017 quedar\u00e1 marcado como uno de los a\u00f1os donde se retiraron grandes futbol\u00edstas que marcaron una \u00e9poca en el <strong>futbol mundial<\/strong>\u00a0 y que ya han decidido dejar de deleitarnos.<\/p>\n<p>Con nuestro recuento de <strong>Lo mejor del 2017<\/strong>, en <strong>Futbol Total<\/strong> no podemos dejar pasar la oportunidad de recordar a cracks como <strong>Francesco Totti, Kak\u00e1, Andrea Pirlo<\/strong> y hasta el mismo <strong>Antonio Naelson Sinha<\/strong>, entre algunos otros, pues ya no los volveremos a ver cada 8 d\u00edas.<\/p>\n<p>Aqu\u00ed te presentamos : <strong>Los retiros del 2017<\/strong><\/p>\n<p style=\"text-align: center;\"><span style=\"color: #3366ff;\"><a href=\"https:\/\/www.futboltotal.com.mx\/especial-ft\/lo-mejor-del-2017-partido-del-ano\/2017\/12\">VER M\u00c1S: Lo mejor del 2017: El partido del a\u00f1o<\/a><\/span><\/p>\n<p>[video_player]https:\/\/player.vimeo.com\/external\/248364123.hd.mp4?s=6bc6bbe02da4134c84d774f493bdce32cae2e055&amp;profile_id=175[\/video_player]<\/p>\n","protected":false},"excerpt":{"rendered":"<p>Estos cracks colgaron las botas en este 2017.<\/p>\n","protected":false},"author":129,"featured_media":512688,"comment_status":"closed","ping_status":"closed","sticky":false,"template":"","format":"standard","meta":[],"categories":[5,7570,3839,4],"tags":[6078,1980,2619,6021,211,11410,3757,1618],"_links":{"self":[{"href":"http:\/\/desarrollo.grupomedios.com\/futbol\/wp-json\/wp\/v2\/posts\/512687"}],"collection":[{"href":"http:\/\/desarrollo.grupomedios.com\/futbol\/wp-json\/wp\/v2\/posts"}],"about":[{"href":"http:\/\/desarrollo.grupomedios.com\/futbol\/wp-json\/wp\/v2\/types\/post"}],"author":[{"embeddable":true,"href":"http:\/\/desarrollo.grupomedios.com\/futbol\/wp-json\/wp\/v2\/users\/129"}],"replies":[{"embeddable":true,"href":"http:\/\/desarrollo.grupomedios.com\/futbol\/wp-json\/wp\/v2\/comments?post=512687"}],"version-history":[{"count":1,"href":"http:\/\/desarrollo.grupomedios.com\/futbol\/wp-json\/wp\/v2\/posts\/512687\/revisions"}],"predecessor-version":[{"id":512691,"href":"http:\/\/desarrollo.grupomedios.com\/futbol\/wp-json\/wp\/v2\/posts\/512687\/revisions\/512691"}],"wp:featuredmedia":[{"embeddable":true,"href":"http:\/\/desarrollo.grupomedios.com\/futbol\/wp-json\/wp\/v2\/media\/512688"}],"wp:attachment":[{"href":"http:\/\/desarrollo.grupomedios.com\/futbol\/wp-json\/wp\/v2\/media?parent=512687"}],"wp:term":[{"taxonomy":"category","embeddable":true,"href":"http:\/\/desarrollo.grupomedios.com\/futbol\/wp-json\/wp\/v2\/categories?post=512687"},{"taxonomy":"post_tag","embeddable":true,"href":"http:\/\/desarrollo.grupomedios.com\/futbol\/wp-json\/wp\/v2\/tags?post=512687"}],"curies":[{"name":"wp","href":"https:\/\/api.w.org\/{rel}","templated":true}]}}