{"id":512690,"date":"2017-12-21T15:11:38","date_gmt":"2017-12-21T21:11:38","guid":{"rendered":"https:\/\/www.futboltotal.com.mx\/?p=512690"},"modified":"2017-12-21T15:11:38","modified_gmt":"2017-12-21T21:11:38","slug":"andre-pierre-gignac-trollea-a-rayados-previo-a-la-final-copa-mx","status":"publish","type":"post","link":"http:\/\/desarrollo.grupomedios.com\/futbol\/futbol-mexicano\/andre-pierre-gignac-trollea-a-rayados-previo-a-la-final-copa-mx\/2017\/12","title":{"rendered":"Andr\u00e9-Pierre Gignac trollea a Rayados previo a la final de Copa MX"},"content":{"rendered":"<p><strong>POR: STAFF FT<\/strong><\/p>\n<p>El delantero de <strong>Tigres UANL<\/strong>,\u00a0<strong>Andr\u00e9-Pierre Gignac,\u00a0<\/strong>mand\u00f3 un mensaje al ac\u00e9rrimo rival, Rayados de Monterrey previo a la Final de <a href=\"https:\/\/www.futboltotal.com.mx\/futbol-mexicano\/copa-mx\/cara-a-cara-jonathan-gonzalez-vs-victor-guzman\/2017\/12\" target=\"_blank\" rel=\"noopener\"><strong>Copa MX<\/strong><\/a> que disputar\u00e1n ante los<strong> Tuzos de Pachuca<\/strong> y lo hizo utilizando a los famosos personajes de los <strong>Ping\u00fcinos de Madagascar<\/strong> .<\/p>\n<p>El futbolista franc\u00e9s hizo una publicaci\u00f3n a trav\u00e9s de su cuenta de Twitter en la que aparece con los cuatro personajes y puso la frase;\u00a0<strong>&#8220;Buena suerte a los vecinos, ojal\u00e1 ganen&#8221;<\/strong>, haciendo referencia al t\u00edtulo que se disputa este 21 de diciembre con los<strong> Rayados de Monterrey<\/strong>.<\/p>\n<p style=\"text-align: center;\"><a href=\"https:\/\/www.futboltotal.com.mx\/futbol-mexicano\/liga-mx\/dorlan-pabon-podria-nuevo-refuerzo-america\/2017\/12\" target=\"_blank\" rel=\"noopener\">VER M\u00c1S: Dorlan Pab\u00f3n ser\u00eda refuerzo del Am\u00e9rica<\/a><\/p>\n<p>Los Tigres UANL vienen de ganarle la final del <strong>Apertura 2017<\/strong> en el Cl\u00e1sico Regio a los Rayados, por lo que la publicaci\u00f3n ha tomado m\u00e1s relevancia, adem\u00e1s cabe se\u00f1alar que algunos fan\u00e1ticos llaman de forma despectiva a los hinchas de Rayados\u00a0&#8216;ping\u00fcinos&#8217; haciendo referencia a que podr\u00edan ser<strong>\u00a0&#8216;pecho fr\u00edos&#8217;,<\/strong> una referencia muy utilizada en Sudam\u00e9rica.<\/p>\n<div id=\"attachment_512693\" style=\"width: 523px\" class=\"wp-caption aligncenter\"><img aria-describedby=\"caption-attachment-512693\" decoding=\"async\" loading=\"lazy\" class=\"size-full wp-image-512693\" src=\"https:\/\/www.futboltotal.com.mx\/wp-content\/uploads\/2017\/12\/gignac-troll-rayados.jpg\" alt=\"El franc\u00e9s los 'trolle\u00f3' con una imagen de Ping\u00fcinos\" srcset=\"http:\/\/desarrollo.grupomedios.com\/futbol\/wp-content\/uploads\/2017\/12\/gignac-troll-rayados.jpg 513w, http:\/\/desarrollo.grupomedios.com\/futbol\/wp-content\/uploads\/2017\/12\/gignac-troll-rayados-242x300.jpg 242w\" sizes=\"(max-width: 513px) 100vw, 513px\" \/><p id=\"caption-attachment-512693\" class=\"wp-caption-text\">Andr\u00e9-Pierre Gignac no dej\u00f3 pasar la oportunidad para hablar de Rayados<\/p><\/div>\n<div class=\"field field-name-network-pontamedia-comentario field-type-ds field-label-hidden\"><\/div>\n<div style=\"text-align: center;\"><a href=\"https:\/\/www.futboltotal.com.mx\/futbol-mexicano\/liga-mx\/intentamos-ir-hector-moreno-se-pudo-jorge-vergara\/2017\/12\" target=\"_blank\" rel=\"noopener\">VER M\u00c1S: Chivas deseaba fichar a H\u00e9ctor Moreno<\/a><\/div>\n","protected":false},"excerpt":{"rendered":"<p>El delantero franc\u00e9s le &#8216;dese\u00f3&#8217; suerte a su ac\u00e9rrimo rival<\/p>\n","protected":false},"author":159,"featured_media":512695,"comment_status":"closed","ping_status":"closed","sticky":false,"template":"","format":"standard","meta":[],"categories":[2198,3845],"tags":[5564,1329,11411],"_links":{"self":[{"href":"http:\/\/desarrollo.grupomedios.com\/futbol\/wp-json\/wp\/v2\/posts\/512690"}],"collection":[{"href":"http:\/\/desarrollo.grupomedios.com\/futbol\/wp-json\/wp\/v2\/posts"}],"about":[{"href":"http:\/\/desarrollo.grupomedios.com\/futbol\/wp-json\/wp\/v2\/types\/post"}],"author":[{"embeddable":true,"href":"http:\/\/desarrollo.grupomedios.com\/futbol\/wp-json\/wp\/v2\/users\/159"}],"replies":[{"embeddable":true,"href":"http:\/\/desarrollo.grupomedios.com\/futbol\/wp-json\/wp\/v2\/comments?post=512690"}],"version-history":[{"count":1,"href":"http:\/\/desarrollo.grupomedios.com\/futbol\/wp-json\/wp\/v2\/posts\/512690\/revisions"}],"predecessor-version":[{"id":512696,"href":"http:\/\/desarrollo.grupomedios.com\/futbol\/wp-json\/wp\/v2\/posts\/512690\/revisions\/512696"}],"wp:featuredmedia":[{"embeddable":true,"href":"http:\/\/desarrollo.grupomedios.com\/futbol\/wp-json\/wp\/v2\/media\/512695"}],"wp:attachment":[{"href":"http:\/\/desarrollo.grupomedios.com\/futbol\/wp-json\/wp\/v2\/media?parent=512690"}],"wp:term":[{"taxonomy":"category","embeddable":true,"href":"http:\/\/desarrollo.grupomedios.com\/futbol\/wp-json\/wp\/v2\/categories?post=512690"},{"taxonomy":"post_tag","embeddable":true,"href":"http:\/\/desarrollo.grupomedios.com\/futbol\/wp-json\/wp\/v2\/tags?post=512690"}],"curies":[{"name":"wp","href":"https:\/\/api.w.org\/{rel}","templated":true}]}}