{"id":512703,"date":"2017-12-21T15:55:02","date_gmt":"2017-12-21T21:55:02","guid":{"rendered":"https:\/\/www.futboltotal.com.mx\/?p=512703"},"modified":"2017-12-21T15:55:02","modified_gmt":"2017-12-21T21:55:02","slug":"la-asociacion-futbolistas-me-intimida-jorge-vergara","status":"publish","type":"post","link":"http:\/\/desarrollo.grupomedios.com\/futbol\/destacado-home\/la-asociacion-futbolistas-me-intimida-jorge-vergara\/2017\/12","title":{"rendered":"La Asociaci\u00f3n de Futbolistas no me intimida: Jorge Vergara"},"content":{"rendered":"<p><strong>POR: STAFF FT<\/strong><\/p>\n<p><strong>Jorge Vergara<\/strong>, due\u00f1o de las <strong>Chivas<\/strong>, asegur\u00f3 en conferencia de prensa que la Asociaci\u00f3n de Futbolistas no lo intimida tras su reacci\u00f3n al tema de <strong>Oswaldo Alan\u00eds<\/strong>.<\/p>\n<p>&#8220;La <strong>Asociaci\u00f3n de Futbolistas<\/strong> est\u00e1 totalmente equivocada en cuanto a la postura que ha tomado en el tema. No han tenido la atenci\u00f3n de hablar conmigo y saber qu\u00e9 es lo que pasa con el equipo&#8221;, se\u00f1al\u00f3 Vergara.<\/p>\n<p>El presidente del Reba\u00f1o Sagrado afirm\u00f3 que la situaci\u00f3n de Alan\u00eds fue totalmente desafortunada porque el jugador <strong>&#8220;se precipit\u00f3&#8221;<\/strong> a querer renegociar su contrato despu\u00e9s del mal semestre que tuvo todo el club, y fue una de las causas que gener\u00f3 la molestia en el seno rojiblanco.<\/p>\n<p style=\"text-align: center;\"><span style=\"color: #333399;\"><a href=\"https:\/\/www.futboltotal.com.mx\/futbol-mexicano\/intentamos-ir-hector-moreno-se-pudo-jorge-vergara\/2017\/12\">VER M\u00c1S &#8211;\u00a0<span class=\"item-title\">Intentamos ir por H\u00e9ctor Moreno y no se pudo: Jorge Vergara<\/span><\/a><\/span><\/p>\n<p>Vergara confirm\u00f3 que en Chivas &#8220;ya no hay oportunidad&#8221; para que Oswaldo Alan\u00eds juegue en el equipo, porque los futbolistas ya est\u00e1n en la <strong>pretemporada<\/strong> y simplemente \u00e9l eligi\u00f3 otro camino.<\/p>\n<p>&nbsp;<\/p>\n","protected":false},"excerpt":{"rendered":"<p>El due\u00f1o de las Chivas califica a la postura de la AMF como &#8220;equivocada&#8221;<\/p>\n","protected":false},"author":160,"featured_media":512708,"comment_status":"closed","ping_status":"closed","sticky":false,"template":"","format":"standard","meta":[],"categories":[5,2198,3845],"tags":[9704,70,243],"_links":{"self":[{"href":"http:\/\/desarrollo.grupomedios.com\/futbol\/wp-json\/wp\/v2\/posts\/512703"}],"collection":[{"href":"http:\/\/desarrollo.grupomedios.com\/futbol\/wp-json\/wp\/v2\/posts"}],"about":[{"href":"http:\/\/desarrollo.grupomedios.com\/futbol\/wp-json\/wp\/v2\/types\/post"}],"author":[{"embeddable":true,"href":"http:\/\/desarrollo.grupomedios.com\/futbol\/wp-json\/wp\/v2\/users\/160"}],"replies":[{"embeddable":true,"href":"http:\/\/desarrollo.grupomedios.com\/futbol\/wp-json\/wp\/v2\/comments?post=512703"}],"version-history":[{"count":2,"href":"http:\/\/desarrollo.grupomedios.com\/futbol\/wp-json\/wp\/v2\/posts\/512703\/revisions"}],"predecessor-version":[{"id":512710,"href":"http:\/\/desarrollo.grupomedios.com\/futbol\/wp-json\/wp\/v2\/posts\/512703\/revisions\/512710"}],"wp:featuredmedia":[{"embeddable":true,"href":"http:\/\/desarrollo.grupomedios.com\/futbol\/wp-json\/wp\/v2\/media\/512708"}],"wp:attachment":[{"href":"http:\/\/desarrollo.grupomedios.com\/futbol\/wp-json\/wp\/v2\/media?parent=512703"}],"wp:term":[{"taxonomy":"category","embeddable":true,"href":"http:\/\/desarrollo.grupomedios.com\/futbol\/wp-json\/wp\/v2\/categories?post=512703"},{"taxonomy":"post_tag","embeddable":true,"href":"http:\/\/desarrollo.grupomedios.com\/futbol\/wp-json\/wp\/v2\/tags?post=512703"}],"curies":[{"name":"wp","href":"https:\/\/api.w.org\/{rel}","templated":true}]}}