{"id":512740,"date":"2017-12-21T22:02:41","date_gmt":"2017-12-22T04:02:41","guid":{"rendered":"https:\/\/www.futboltotal.com.mx\/?p=512740"},"modified":"2017-12-21T22:02:41","modified_gmt":"2017-12-22T04:02:41","slug":"sergio-perez-papa-primera-vez","status":"publish","type":"post","link":"http:\/\/desarrollo.grupomedios.com\/futbol\/no-todo-es-futbol\/sergio-perez-papa-primera-vez\/2017\/12","title":{"rendered":"Sergio &#8216;Checo&#8217; P\u00e9rez es pap\u00e1 por primera vez"},"content":{"rendered":"<p><strong>POR: STAFF FT<\/strong><\/p>\n<p>El piloto mexicano <strong>Sergio P\u00e9rez<\/strong> se convirti\u00f3 en pap\u00e1 por primera vez en su vida.<\/p>\n<p><strong>Sergio Jr.<\/strong> naci\u00f3 este mi\u00e9rcoles y se ha convertido en la gran inspiraci\u00f3n del <em>Checo<\/em>\u00a0y de su esposa, <strong>Carola Mart\u00ednez<\/strong>, quien con inmenso amor recibieron a su primog\u00e9nito.<\/p>\n<p>El piloto tapat\u00edo recibi\u00f3 su regalo de Navidad anticipado, con el nacimiento de su hijo, en un a\u00f1o donde estuvo dentro del &#8216;Top Ten&#8217; de los mejores pilotos de la <strong>F\u00f3rmula Uno<\/strong>.<\/p>\n<p style=\"text-align: center;\"><span style=\"color: #333399;\"><a href=\"https:\/\/www.futboltotal.com.mx\/no-todo-es-futbol\/lewis-hamilton-asegura-la-aficion-mexico-la-mejor-del-mundo\/2017\/10\">VER M\u00c1S:\u00a0<span class=\"item-title\">Lewis Hamilton asegura que la \u201cafici\u00f3n de M\u00e9xico es la mejor del mundo\u201d<\/span><\/a><\/span><\/p>\n<p>El &#8216;Checo&#8217; P\u00e9rez termin\u00f3 como el s\u00e9ptimo mejor piloto de todo el serial automovil\u00edstico y ahora recibe el regalo m\u00e1s bello de su vida.<\/p>\n<blockquote class=\"twitter-tweet\" data-lang=\"es\">\n<p dir=\"ltr\" lang=\"es\">\u00a1Muchas felicidades al nuevo pap\u00e1 <a href=\"https:\/\/twitter.com\/SChecoPerez?ref_src=twsrc%5Etfw\">@SChecoPerez<\/a>! <\/p>\n<p>Deseamos que esta nueva etapa est\u00e9 llena de alegr\u00eda y bendiciones  <a href=\"https:\/\/t.co\/pLtzgXr1Nk\">pic.twitter.com\/pLtzgXr1Nk<\/a><\/p>\n<p>\u2014 Escuder\u00eda Telmex (@escuderiatelmex) <a href=\"https:\/\/twitter.com\/escuderiatelmex\/status\/944039888483168256?ref_src=twsrc%5Etfw\">22 de diciembre de 2017<\/a><\/p><\/blockquote>\n<p><script async src=\"https:\/\/platform.twitter.com\/widgets.js\" charset=\"utf-8\"><\/script><\/p>\n","protected":false},"excerpt":{"rendered":"<p>El piloto mexicano de la F1 tuvo el nacimiento de su hijo Sergio<\/p>\n","protected":false},"author":160,"featured_media":512741,"comment_status":"closed","ping_status":"closed","sticky":false,"template":"","format":"standard","meta":[],"categories":[5810,5418,6411],"tags":[6412,5815,6209],"_links":{"self":[{"href":"http:\/\/desarrollo.grupomedios.com\/futbol\/wp-json\/wp\/v2\/posts\/512740"}],"collection":[{"href":"http:\/\/desarrollo.grupomedios.com\/futbol\/wp-json\/wp\/v2\/posts"}],"about":[{"href":"http:\/\/desarrollo.grupomedios.com\/futbol\/wp-json\/wp\/v2\/types\/post"}],"author":[{"embeddable":true,"href":"http:\/\/desarrollo.grupomedios.com\/futbol\/wp-json\/wp\/v2\/users\/160"}],"replies":[{"embeddable":true,"href":"http:\/\/desarrollo.grupomedios.com\/futbol\/wp-json\/wp\/v2\/comments?post=512740"}],"version-history":[{"count":1,"href":"http:\/\/desarrollo.grupomedios.com\/futbol\/wp-json\/wp\/v2\/posts\/512740\/revisions"}],"predecessor-version":[{"id":512742,"href":"http:\/\/desarrollo.grupomedios.com\/futbol\/wp-json\/wp\/v2\/posts\/512740\/revisions\/512742"}],"wp:featuredmedia":[{"embeddable":true,"href":"http:\/\/desarrollo.grupomedios.com\/futbol\/wp-json\/wp\/v2\/media\/512741"}],"wp:attachment":[{"href":"http:\/\/desarrollo.grupomedios.com\/futbol\/wp-json\/wp\/v2\/media?parent=512740"}],"wp:term":[{"taxonomy":"category","embeddable":true,"href":"http:\/\/desarrollo.grupomedios.com\/futbol\/wp-json\/wp\/v2\/categories?post=512740"},{"taxonomy":"post_tag","embeddable":true,"href":"http:\/\/desarrollo.grupomedios.com\/futbol\/wp-json\/wp\/v2\/tags?post=512740"}],"curies":[{"name":"wp","href":"https:\/\/api.w.org\/{rel}","templated":true}]}}