{"id":512743,"date":"2017-12-21T22:54:45","date_gmt":"2017-12-22T04:54:45","guid":{"rendered":"https:\/\/www.futboltotal.com.mx\/?p=512743"},"modified":"2017-12-21T22:54:45","modified_gmt":"2017-12-22T04:54:45","slug":"monterrey-campeon-la-copa-mx","status":"publish","type":"post","link":"http:\/\/desarrollo.grupomedios.com\/futbol\/destacado-home\/monterrey-campeon-la-copa-mx\/2017\/12","title":{"rendered":"\u00a1Monterrey, campe\u00f3n de la Copa MX!"},"content":{"rendered":"<p><strong>POR: STAFF FT<\/strong><\/p>\n<p>Los <strong>Rayados de Monterrey<\/strong> ganaron por primera vez en la historia una Final en el estadio <strong>BBVA Bancomer<\/strong> frente a su afici\u00f3n.<\/p>\n<p>La escuadra regiomontana se impuso por 1-0 sobre los <strong>Tuzos del Pachuca<\/strong> en el juego por el t\u00edtulo de la Copa MX.<\/p>\n<p>La anotaci\u00f3n del encuentro fue obra de <strong>Avil\u00e9s Hurtado<\/strong> al minuto 56 del encuentro, despu\u00e9s de un bal\u00f3n filtrado que control\u00f3 el colombiano, y punte\u00f3 a la salida del arquero <strong>Alfonso Blanco<\/strong> para poner el 1-0 en el encuentro.<\/p>\n<blockquote class=\"twitter-tweet\" data-partner=\"tweetdeck\">\n<p dir=\"ltr\" lang=\"pt\"><a href=\"https:\/\/twitter.com\/hashtag\/NoTeLoPierdas?src=hash&amp;ref_src=twsrc%5Etfw\">#NoTeLoPierdas<\/a><br \/>\nG\u26bd\u26bd\u26bdL de Avil\u00e9s Hurtado<a href=\"https:\/\/twitter.com\/Rayados?ref_src=twsrc%5Etfw\">@Rayados<\/a> 1-0 <a href=\"https:\/\/twitter.com\/Tuzos?ref_src=twsrc%5Etfw\">@Tuzos<\/a>\u00a0<a href=\"https:\/\/twitter.com\/hashtag\/GranFinal?src=hash&amp;ref_src=twsrc%5Etfw\">#GranFinal<\/a> <a href=\"https:\/\/twitter.com\/hashtag\/CopaCoronaMX?src=hash&amp;ref_src=twsrc%5Etfw\">#CopaCoronaMX<\/a> &#x1f3c6; <a href=\"https:\/\/twitter.com\/hashtag\/Apertura2017?src=hash&amp;ref_src=twsrc%5Etfw\">#Apertura2017<\/a><br \/>\n\u26bd <a href=\"https:\/\/twitter.com\/hashtag\/SienteTuLiga?src=hash&amp;ref_src=twsrc%5Etfw\">#SienteTuLiga<\/a> \u26bd\u00a0<a href=\"https:\/\/twitter.com\/hashtag\/AbrazadosPorElFutbol?src=hash&amp;ref_src=twsrc%5Etfw\">#AbrazadosPorElFutbol<\/a> <a href=\"https:\/\/t.co\/Q9l14mvmDn\">pic.twitter.com\/Q9l14mvmDn<\/a><\/p>\n<p>\u2014 #CopaCoronaMX (@CopaCoronaMx) <a href=\"https:\/\/twitter.com\/CopaCoronaMx\/status\/944059147322044416?ref_src=twsrc%5Etfw\">December 22, 2017<\/a><\/p><\/blockquote>\n<p><script async src=\"https:\/\/platform.twitter.com\/widgets.js\" charset=\"utf-8\"><\/script><\/p>\n<p>El Pachuca tuvo un pobre espect\u00e1culo, y no tuvo serias oportunidades de gol como para poder igualar el encuentro en su visita a Nuevo Le\u00f3n.<\/p>\n<p>Los Rayados aplicaron el adagio de &#8220;la tercera es la vencida&#8221;, y despu\u00e9s de las derrotas en el Clausura 2016 frente a Pachuca y en el Apertura 2017 contra Tigres, Monterrey pudo obtener una Copa frente a sus aficionados.<\/p>\n","protected":false},"excerpt":{"rendered":"<p>Un gol solitario de Avil\u00e9s Hurtado le dio el t\u00edtulo a los Rayados<\/p>\n","protected":false},"author":160,"featured_media":512744,"comment_status":"closed","ping_status":"closed","sticky":false,"template":"","format":"standard","meta":[],"categories":[4247,5,2198,3845],"tags":[285,5966,5968],"_links":{"self":[{"href":"http:\/\/desarrollo.grupomedios.com\/futbol\/wp-json\/wp\/v2\/posts\/512743"}],"collection":[{"href":"http:\/\/desarrollo.grupomedios.com\/futbol\/wp-json\/wp\/v2\/posts"}],"about":[{"href":"http:\/\/desarrollo.grupomedios.com\/futbol\/wp-json\/wp\/v2\/types\/post"}],"author":[{"embeddable":true,"href":"http:\/\/desarrollo.grupomedios.com\/futbol\/wp-json\/wp\/v2\/users\/160"}],"replies":[{"embeddable":true,"href":"http:\/\/desarrollo.grupomedios.com\/futbol\/wp-json\/wp\/v2\/comments?post=512743"}],"version-history":[{"count":1,"href":"http:\/\/desarrollo.grupomedios.com\/futbol\/wp-json\/wp\/v2\/posts\/512743\/revisions"}],"predecessor-version":[{"id":512745,"href":"http:\/\/desarrollo.grupomedios.com\/futbol\/wp-json\/wp\/v2\/posts\/512743\/revisions\/512745"}],"wp:featuredmedia":[{"embeddable":true,"href":"http:\/\/desarrollo.grupomedios.com\/futbol\/wp-json\/wp\/v2\/media\/512744"}],"wp:attachment":[{"href":"http:\/\/desarrollo.grupomedios.com\/futbol\/wp-json\/wp\/v2\/media?parent=512743"}],"wp:term":[{"taxonomy":"category","embeddable":true,"href":"http:\/\/desarrollo.grupomedios.com\/futbol\/wp-json\/wp\/v2\/categories?post=512743"},{"taxonomy":"post_tag","embeddable":true,"href":"http:\/\/desarrollo.grupomedios.com\/futbol\/wp-json\/wp\/v2\/tags?post=512743"}],"curies":[{"name":"wp","href":"https:\/\/api.w.org\/{rel}","templated":true}]}}