{"id":512770,"date":"2017-12-22T11:42:58","date_gmt":"2017-12-22T17:42:58","guid":{"rendered":"https:\/\/www.futboltotal.com.mx\/?p=512770"},"modified":"2017-12-23T09:47:26","modified_gmt":"2017-12-23T15:47:26","slug":"lo-mejor-del-2017-la-revelacion-nacional","status":"publish","type":"post","link":"http:\/\/desarrollo.grupomedios.com\/futbol\/videos\/lo-mejor-del-2017-la-revelacion-nacional\/2017\/12","title":{"rendered":"Lo mejor del 2017: la revelaci\u00f3n nacional"},"content":{"rendered":"<p><strong>POR: HUGO GARC\u00cdA<\/strong><\/p>\n<p>El 2017 ha dado a grandes futbolistas mexicanos, pero uno de los que m\u00e1s ha brillado desde su debut en el pasado marzo es el joven <strong>Diego Lainez<\/strong> de las <strong>\u00c1guilas del Am\u00e9rica<\/strong>.<\/p>\n<p>El juvenil de 17 a\u00f1os enamor\u00f3 a todo el mundo del futbol con su desequilibrio, su personalidad y su encare para jugar en uno de los dos equipos m\u00e1s importantes de M\u00e9xico.<\/p>\n<p>Diego Lainez debut\u00f3 en un juego de la <strong>Copa MX<\/strong> contra Santos Laguna el pasado 1 de marzo, y desde ese momento hasta la fecha ha sido del agrado de entrenadores como <strong>Ricardo La Volpe y Miguel Herrera<\/strong>.<\/p>\n<p>Tambi\u00e9n, el chico <strong>Sub17<\/strong> fue uno de los jugadores m\u00e1s destacados en el Mundial de la categor\u00eda, pese a que no pudo lograr lo que otras generaciones mexicanas. Anot\u00f3 el gol 100 para M\u00e9xico en las Copas del Mundo de esta edad.<\/p>\n<p style=\"text-align: center;\"><span style=\"color: #333399;\"><a href=\"https:\/\/www.futboltotal.com.mx\/futbol-mexicano\/se-queda-cecilio-dominguez-saldra-del-america\/2017\/12\">VER M\u00c1S:\u00a0<span class=\"item-title\">\u00a1Se queda! Cecilio Dom\u00ednguez no saldr\u00e1 del Am\u00e9rica<\/span><\/a><\/span><\/p>\n<p>Por la forma en c\u00f3mo ha encarado su carrera desde que recibi\u00f3 la oportunidad de jugar en la Primera Divisi\u00f3n, Diego Lainez ha estado en la mira de varios equipos europeos.<\/p>\n<p>De hecho, el Villarreal de Espa\u00f1a, donde han militado futbolistas como <strong>Jonathan Dos Santos o Javier Aquino<\/strong>, ya preguntaron por los servicios del juvenil de 17 a\u00f1os.<\/p>\n<p>[video_player]https:\/\/player.vimeo.com\/external\/248488101.hd.mp4?s=d4bbd0072e8c4e8508f132bc77735de126758911&amp;profile_id=175[\/video_player]<\/p>\n<p>&nbsp;<\/p>\n<p>&nbsp;<\/p>\n","protected":false},"excerpt":{"rendered":"<p>El juvenil de 17 a\u00f1os ha brillado con luz propia en el mundo del futbol mexicano<\/p>\n","protected":false},"author":160,"featured_media":512771,"comment_status":"closed","ping_status":"closed","sticky":false,"template":"","format":"standard","meta":[],"categories":[4247,5,2198,3845,4],"tags":[5959,8300,11416,11415],"_links":{"self":[{"href":"http:\/\/desarrollo.grupomedios.com\/futbol\/wp-json\/wp\/v2\/posts\/512770"}],"collection":[{"href":"http:\/\/desarrollo.grupomedios.com\/futbol\/wp-json\/wp\/v2\/posts"}],"about":[{"href":"http:\/\/desarrollo.grupomedios.com\/futbol\/wp-json\/wp\/v2\/types\/post"}],"author":[{"embeddable":true,"href":"http:\/\/desarrollo.grupomedios.com\/futbol\/wp-json\/wp\/v2\/users\/160"}],"replies":[{"embeddable":true,"href":"http:\/\/desarrollo.grupomedios.com\/futbol\/wp-json\/wp\/v2\/comments?post=512770"}],"version-history":[{"count":1,"href":"http:\/\/desarrollo.grupomedios.com\/futbol\/wp-json\/wp\/v2\/posts\/512770\/revisions"}],"predecessor-version":[{"id":512772,"href":"http:\/\/desarrollo.grupomedios.com\/futbol\/wp-json\/wp\/v2\/posts\/512770\/revisions\/512772"}],"wp:featuredmedia":[{"embeddable":true,"href":"http:\/\/desarrollo.grupomedios.com\/futbol\/wp-json\/wp\/v2\/media\/512771"}],"wp:attachment":[{"href":"http:\/\/desarrollo.grupomedios.com\/futbol\/wp-json\/wp\/v2\/media?parent=512770"}],"wp:term":[{"taxonomy":"category","embeddable":true,"href":"http:\/\/desarrollo.grupomedios.com\/futbol\/wp-json\/wp\/v2\/categories?post=512770"},{"taxonomy":"post_tag","embeddable":true,"href":"http:\/\/desarrollo.grupomedios.com\/futbol\/wp-json\/wp\/v2\/tags?post=512770"}],"curies":[{"name":"wp","href":"https:\/\/api.w.org\/{rel}","templated":true}]}}