{"id":512773,"date":"2017-12-22T11:41:27","date_gmt":"2017-12-22T17:41:27","guid":{"rendered":"https:\/\/www.futboltotal.com.mx\/?p=512773"},"modified":"2017-12-22T11:43:34","modified_gmt":"2017-12-22T17:43:34","slug":"los-cinco-duelos-importantes-del-real-madrid-barcelona","status":"publish","type":"post","link":"http:\/\/desarrollo.grupomedios.com\/futbol\/destacado-home\/los-cinco-duelos-importantes-del-real-madrid-barcelona\/2017\/12","title":{"rendered":"Los cinco duelos m\u00e1s importantes del Real Madrid-Barcelona"},"content":{"rendered":"<p><strong>POR: EFE<\/strong><\/p>\n<p>Estos son cinco de los duelos m\u00e1s importantes que se podr\u00edan dar en el Cl\u00e1sico Espa\u00f1ol y son vitales para lo que ofrecer\u00e1n ambos clubes.<\/p>\n<p><strong>SERGIO RAMOS-LUIS SU\u00c1REZ<\/strong><\/p>\n<p>El duelo de rivalidad hist\u00f3rica entre dos enemigos lo representan en el terreno de juego dos de sus referentes, guerreros de cuyos enfrentamientos saltan chispas, siempre ejemplos de m\u00e1ximo esfuerzo y sacrificio. Sergio Ramos es la casta y el coraje madridista; Luis Su\u00e1rez el esp\u00edritu de lucha azulgrana. El capit\u00e1n madridista mide su fortaleza en una temporada en la que una fractura de los huesos propios de la nariz y alguna peque\u00f1a molestia, le ha impedido tener la continuidad deseada.<\/p>\n<p>M\u00e1xima atenci\u00f3n le demanda un duelo con un nueve puro, siempre atento para aprovechar cualquier despiste o metro cedido en el marcaje para enganchar un remate. El uruguayo ha pasado del peor inicio de temporada goleador en el Barcelona, a una racha que ya le sit\u00faa tercer m\u00e1ximo artillero del campeonato. Es una de las grandes amenazas a vigilar por la defensa madridista y autor de ocho tantos en los cl\u00e1sicos como carta de presentaci\u00f3n. Esta temporada siempre mejor\u00f3 su rendimiento cuando tuvo una pareja de ataque cerca, que siendo el \u00fanico referente en punta como ser\u00e1 de inicio en el Santiago Bernab\u00e9u.<\/p>\n<p><strong>KEYLOR NAVAS-LEO MESSI<\/strong><\/p>\n<p>El portero costarricense se ha acostumbrado a vivir en continuo examen. Los nombres de porteros siempre sobrevuelan el Santiago Bernab\u00e9u y en esta ocasi\u00f3n parece que finalmente s\u00ed llegar\u00e1 en el mercado invernal uno como Kepa para aumentar la competencia por la titularidad. Keylor encara el examen m\u00e1s duro para un guardameta, el cara a cara con Leo Messi, con la continua necesidad de tener que demostrar m\u00e1s que otros compa\u00f1eros.<\/p>\n<p>Una nueva lesi\u00f3n marca su curso y tras una reaparici\u00f3n con dudas en Copa del Rey ante el Fuenlabrada, se reivindic\u00f3 en San Mam\u00e9s y llega con confianza. Messi, m\u00e1ximo goleador del torneo y de la historia de los cl\u00e1sicos con 24 dianas, quiere repetir la \u00faltima exhibici\u00f3n de una visita liguera e impulsar al Barcelona dejando en imposible el intento de remontada madridista. Es el gran referente, un futbolista capaz de lo imposible, protagonista en cualquier parte del campo por donde decida aparecer para generar desequilibrio. En los \u00faltimos metros, letal. Alejarlo del \u00e1rea es el objetivo del entramado defensivo de Zinedine Zidane.<\/p>\n<p><strong>CRISTIANO RONALDO-VERMAELEN<\/strong><\/p>\n<p>Buscar\u00e1 emparejarse Cristiano Ronaldo con Vermaelen, o en caso de suplencia del belga con el argentino Mascherano, cuando el Real Madrid est\u00e9 en fase de ataque. Crecido el portugu\u00e9s madridista antes de encarar una nueva cita en la que demostrar al mundo delante de Leo Messi, quien es el mejor jugador del planeta. Llega &#8216;tocado&#8217; tras una dura entrada en su gemelo derecho pero crecido en confianza tras reaccionar al peor inicio goleador de su carrera en Liga, recoger su quinto Bal\u00f3n de Oro o marcar nuevos r\u00e9cord goleadores en Liga de Campeones y el Mundial de Clubes.<\/p>\n<p>Como gran referente ofensivo madridista, disfrutar\u00e1 de movimiento para elegir zona de aparici\u00f3n en ataque. Atento a cada una de sus apariciones estar\u00e1 Vermaelen, quien sin hacer ruido ha salido del ostracismo aprovechando la lesi\u00f3n de Umtiti para reivindicarse. Su inexperiencia en el cl\u00e1sico contrasta con la eficacia barcelonista con \u00e9l en el campo. Una sola derrota en 28 partidos con el Barcelona. Encara cada examen con una gran tranquilidad, central limpio que apenas deja faltas en cada partido, encuentra tres a\u00f1os y medio despu\u00e9s la continuidad que deseaba sin sufrir las lesiones que marcaron su carrera.<\/p>\n<p><strong>CASEMIRO-BUSQUETS<\/strong><\/p>\n<p>No ser\u00e1 el duelo m\u00e1s vistoso del cl\u00e1sico pero s\u00ed el de los dos futbolistas que mejor entienden la parte t\u00e1ctica del f\u00fatbol y un nuevo enfrentamiento entre los dos mejores medio centros del mundo. Figuras imprescindibles e insustituibles en Real Madrid y Barcelona, claves para el equilibrio de sus equipos, amados por sus compa\u00f1eros por las coberturas que realizan, los espacios que achican y la cantidad de agujeros que tapan con sus movimientos repletos de inteligencia t\u00e1ctica.<\/p>\n<p>Casemiro llega manteni\u00e9ndose como insustituible pese a la llegada de un recambio natural como Marcos Llorente o el buen nivel de Mateo Kovacic en su marcaje individual a Messi en la Supercopa. Juega con la visi\u00f3n de un veterano siendo joven y siempre est\u00e1 listo para la batalla. Imagen de lucha del equipo madridista, en ocasiones con \u00edmpetu desmedido que le sit\u00faa al l\u00edmite para los colegiados. Busquets imparte clases en la zona del 5 y se mantiene en su rendimiento pese al paso de los a\u00f1os. La regularidad marca su temporada, a diferencia del pasado curso cuando problemas f\u00edsicos le alejaron de su verdadera identidad. De sus funciones dependen buena parte del \u00e9xito azulgrana en el Santiago Bernab\u00e9u.<\/p>\n<p><strong>BENZEMA-TER STEGEN<\/strong><\/p>\n<p>La relaci\u00f3n amor-odio de Karim con la afici\u00f3n del Santiago Bernab\u00e9u, pasa por uno de esos momentos de crisis en los que es mirado con lupa y no se le pasa ni una. Al delantero franc\u00e9s no se le perdona llevar el 9 en la espalda y tener tan poca pegada. Sus dos goles en LaLiga tras 16 jornadas (quince en el caso del Real Madrid por su participaci\u00f3n en el Mundial de Clubes), le trasladan una presi\u00f3n de la que su entrenador Zinedine Zidane siempre intenta aislarle con una defensa a ultranza.<\/p>\n<p>No lo tendr\u00e1 f\u00e1cil para salir de su sequ\u00eda goleadora. Tras no marcar ni un solo tanto en el festival goleador ante el Sevilla y desperdiciar muchas ocasiones para hacerlo en los dos partidos del Mundial, enfrente tendr\u00e1 al portero en mejor forma del campeonato. Tan decisivo con sus paradas como Messi con sus goles, el alem\u00e1n regresa al escenario donde estableci\u00f3 un nuevo registro de paradas en LaLiga con doce cuando el Barcelona derrot\u00f3 al Real Madrid en el \u00faltimo precedente liguero. Siete tantos en 16 jornadas (una media de 0,44 por encuentro), le convierten junto a Oblak, en el muro a superar.<\/p>\n","protected":false},"excerpt":{"rendered":"<p>El Cl\u00e1sico espa\u00f1ol tendr\u00e1 duelos uno a uno muy interesantes<\/p>\n","protected":false},"author":160,"featured_media":512774,"comment_status":"closed","ping_status":"closed","sticky":false,"template":"","format":"standard","meta":[],"categories":[5,3839,3844],"tags":[5984,6328,6013,6042,5590,6012,6016,5988,6031,6020,2933],"_links":{"self":[{"href":"http:\/\/desarrollo.grupomedios.com\/futbol\/wp-json\/wp\/v2\/posts\/512773"}],"collection":[{"href":"http:\/\/desarrollo.grupomedios.com\/futbol\/wp-json\/wp\/v2\/posts"}],"about":[{"href":"http:\/\/desarrollo.grupomedios.com\/futbol\/wp-json\/wp\/v2\/types\/post"}],"author":[{"embeddable":true,"href":"http:\/\/desarrollo.grupomedios.com\/futbol\/wp-json\/wp\/v2\/users\/160"}],"replies":[{"embeddable":true,"href":"http:\/\/desarrollo.grupomedios.com\/futbol\/wp-json\/wp\/v2\/comments?post=512773"}],"version-history":[{"count":1,"href":"http:\/\/desarrollo.grupomedios.com\/futbol\/wp-json\/wp\/v2\/posts\/512773\/revisions"}],"predecessor-version":[{"id":512775,"href":"http:\/\/desarrollo.grupomedios.com\/futbol\/wp-json\/wp\/v2\/posts\/512773\/revisions\/512775"}],"wp:featuredmedia":[{"embeddable":true,"href":"http:\/\/desarrollo.grupomedios.com\/futbol\/wp-json\/wp\/v2\/media\/512774"}],"wp:attachment":[{"href":"http:\/\/desarrollo.grupomedios.com\/futbol\/wp-json\/wp\/v2\/media?parent=512773"}],"wp:term":[{"taxonomy":"category","embeddable":true,"href":"http:\/\/desarrollo.grupomedios.com\/futbol\/wp-json\/wp\/v2\/categories?post=512773"},{"taxonomy":"post_tag","embeddable":true,"href":"http:\/\/desarrollo.grupomedios.com\/futbol\/wp-json\/wp\/v2\/tags?post=512773"}],"curies":[{"name":"wp","href":"https:\/\/api.w.org\/{rel}","templated":true}]}}