{"id":512793,"date":"2017-12-22T13:32:00","date_gmt":"2017-12-22T19:32:00","guid":{"rendered":"https:\/\/www.futboltotal.com.mx\/?p=512793"},"modified":"2017-12-22T13:32:00","modified_gmt":"2017-12-22T19:32:00","slug":"sevilla-despide-a-eduardo-berizzo-recien-vencio-al-cancer","status":"publish","type":"post","link":"http:\/\/desarrollo.grupomedios.com\/futbol\/futbol-internacional\/sevilla-despide-a-eduardo-berizzo-recien-vencio-al-cancer\/2017\/12","title":{"rendered":"Sevilla despide a Eduardo Berizzo, quien reci\u00e9n venci\u00f3 al c\u00e1ncer"},"content":{"rendered":"<p><strong>POR: EFE<\/strong><\/p>\n<p>El <strong>Consejo de Administraci\u00f3n del Sevilla<\/strong> ha tomado este viernes la decisi\u00f3n de destituir a su entrenador, el argentino <strong>Eduardo Berizzo<\/strong>, &#8220;debido a la mala racha del equipo&#8221; de la Primera Divisi\u00f3n espa\u00f1ola de f\u00fatbol.<\/p>\n<p>El <strong>Sevilla<\/strong> &#8220;quiere dejar constancia de su agradecimiento a Eduardo Berizzo por su profesionalidad y entrega mostrada en el desempe\u00f1o de su trabajo, as\u00ed como por el buen trato dispensado a todos los miembros del club desde su llegada&#8221;.<\/p>\n<p>Por otro lado, el club informa de que &#8220;ya ha entablado conversaciones para formalizar <strong>la contrataci\u00f3n del nuevo entrenador<\/strong>, que se espera que se incorpore al regreso de la plantilla tras las vacaciones navide\u00f1as&#8221;.<\/p>\n","protected":false},"excerpt":{"rendered":"<p>El t\u00e9cnico argentino tuvo un semestre complicado tras el c\u00e1ncer de pr\u00f3stata que le fue diagnosticado<\/p>\n","protected":false},"author":160,"featured_media":512794,"comment_status":"closed","ping_status":"closed","sticky":false,"template":"","format":"standard","meta":[],"categories":[3839,3844],"tags":[9216,49],"_links":{"self":[{"href":"http:\/\/desarrollo.grupomedios.com\/futbol\/wp-json\/wp\/v2\/posts\/512793"}],"collection":[{"href":"http:\/\/desarrollo.grupomedios.com\/futbol\/wp-json\/wp\/v2\/posts"}],"about":[{"href":"http:\/\/desarrollo.grupomedios.com\/futbol\/wp-json\/wp\/v2\/types\/post"}],"author":[{"embeddable":true,"href":"http:\/\/desarrollo.grupomedios.com\/futbol\/wp-json\/wp\/v2\/users\/160"}],"replies":[{"embeddable":true,"href":"http:\/\/desarrollo.grupomedios.com\/futbol\/wp-json\/wp\/v2\/comments?post=512793"}],"version-history":[{"count":1,"href":"http:\/\/desarrollo.grupomedios.com\/futbol\/wp-json\/wp\/v2\/posts\/512793\/revisions"}],"predecessor-version":[{"id":512795,"href":"http:\/\/desarrollo.grupomedios.com\/futbol\/wp-json\/wp\/v2\/posts\/512793\/revisions\/512795"}],"wp:featuredmedia":[{"embeddable":true,"href":"http:\/\/desarrollo.grupomedios.com\/futbol\/wp-json\/wp\/v2\/media\/512794"}],"wp:attachment":[{"href":"http:\/\/desarrollo.grupomedios.com\/futbol\/wp-json\/wp\/v2\/media?parent=512793"}],"wp:term":[{"taxonomy":"category","embeddable":true,"href":"http:\/\/desarrollo.grupomedios.com\/futbol\/wp-json\/wp\/v2\/categories?post=512793"},{"taxonomy":"post_tag","embeddable":true,"href":"http:\/\/desarrollo.grupomedios.com\/futbol\/wp-json\/wp\/v2\/tags?post=512793"}],"curies":[{"name":"wp","href":"https:\/\/api.w.org\/{rel}","templated":true}]}}