{"id":512799,"date":"2017-12-22T13:57:34","date_gmt":"2017-12-22T19:57:34","guid":{"rendered":"https:\/\/www.futboltotal.com.mx\/?p=512799"},"modified":"2017-12-22T13:57:34","modified_gmt":"2017-12-22T19:57:34","slug":"tuve-problemas-en-vestidor-profe-cruz-alustiza","status":"publish","type":"post","link":"http:\/\/desarrollo.grupomedios.com\/futbol\/futbol-mexicano\/tuve-problemas-en-vestidor-profe-cruz-alustiza\/2017\/12","title":{"rendered":"No tuve problemas en el vestidor con el &#8216;Profe&#8217; Cruz: Alustiza"},"content":{"rendered":"<p><strong>POR: STAFF FT<\/strong><\/p>\n<p>El futbolista argentino <strong>Mat\u00edas Alustiza<\/strong> se\u00f1al\u00f3 que nunca tuvo problemas con Jos\u00e9 Guadalupe Cruz, dentro del seno de <strong>Atlas<\/strong>, y que derivaran en su salida hacia los Pumas de la UNAM.<\/p>\n<p>&#8220;Yo nunca tuve problemas con <strong>&#8216;El Profe&#8217; Cruz<\/strong>. Nos llevamos muy bien, como compa\u00f1eros en el d\u00eda a d\u00eda. Si alguien sabe que tuviera un problema con \u00e9l, que me lo aclare&#8221;, coment\u00f3 Alustiza.<\/p>\n<p>El nuevo delantero de los <strong>Pumas<\/strong> afirm\u00f3 que su llegada a la escuadra universitaria le ha tra\u00eddo muy buenas cosas desde el primer momento.<\/p>\n<p>&#8220;Me han hecho sentir muy bien fuera y dentro de la cancha. <strong>Es un equipo grande y vengo a salir adelante<\/strong>&#8220;, asever\u00f3 Mat\u00edas Alustiza.<\/p>\n<p>Junto a <strong>Nicol\u00e1s Castillo<\/strong> ser\u00e1n una de las duplas que m\u00e1s llamar\u00e1n la atenci\u00f3n en la Liga MX.<\/p>\n","protected":false},"excerpt":{"rendered":"<p>El delantero argentino se\u00f1al\u00f3 que Pumas ha sido como un &#8220;b\u00e1lsamo&#8221; para \u00e9l<\/p>\n","protected":false},"author":160,"featured_media":512800,"comment_status":"closed","ping_status":"closed","sticky":false,"template":"","format":"standard","meta":[],"categories":[2198,3845],"tags":[5961,9028,64,710,74],"_links":{"self":[{"href":"http:\/\/desarrollo.grupomedios.com\/futbol\/wp-json\/wp\/v2\/posts\/512799"}],"collection":[{"href":"http:\/\/desarrollo.grupomedios.com\/futbol\/wp-json\/wp\/v2\/posts"}],"about":[{"href":"http:\/\/desarrollo.grupomedios.com\/futbol\/wp-json\/wp\/v2\/types\/post"}],"author":[{"embeddable":true,"href":"http:\/\/desarrollo.grupomedios.com\/futbol\/wp-json\/wp\/v2\/users\/160"}],"replies":[{"embeddable":true,"href":"http:\/\/desarrollo.grupomedios.com\/futbol\/wp-json\/wp\/v2\/comments?post=512799"}],"version-history":[{"count":1,"href":"http:\/\/desarrollo.grupomedios.com\/futbol\/wp-json\/wp\/v2\/posts\/512799\/revisions"}],"predecessor-version":[{"id":512801,"href":"http:\/\/desarrollo.grupomedios.com\/futbol\/wp-json\/wp\/v2\/posts\/512799\/revisions\/512801"}],"wp:featuredmedia":[{"embeddable":true,"href":"http:\/\/desarrollo.grupomedios.com\/futbol\/wp-json\/wp\/v2\/media\/512800"}],"wp:attachment":[{"href":"http:\/\/desarrollo.grupomedios.com\/futbol\/wp-json\/wp\/v2\/media?parent=512799"}],"wp:term":[{"taxonomy":"category","embeddable":true,"href":"http:\/\/desarrollo.grupomedios.com\/futbol\/wp-json\/wp\/v2\/categories?post=512799"},{"taxonomy":"post_tag","embeddable":true,"href":"http:\/\/desarrollo.grupomedios.com\/futbol\/wp-json\/wp\/v2\/tags?post=512799"}],"curies":[{"name":"wp","href":"https:\/\/api.w.org\/{rel}","templated":true}]}}