{"id":512805,"date":"2017-12-22T15:02:03","date_gmt":"2017-12-22T21:02:03","guid":{"rendered":"https:\/\/www.futboltotal.com.mx\/?p=512805"},"modified":"2017-12-22T15:02:03","modified_gmt":"2017-12-22T21:02:03","slug":"real-betis-0-athletic-bilbao-2-andres-guardado-liga-de-espana-resumen","status":"publish","type":"post","link":"http:\/\/desarrollo.grupomedios.com\/futbol\/futbol-internacional\/real-betis-0-athletic-bilbao-2-andres-guardado-liga-de-espana-resumen\/2017\/12","title":{"rendered":"El Betis se cae sin Guardado frente al Athletic"},"content":{"rendered":"<p><strong>POR: EFE<\/strong><\/p>\n<p>El <strong>Athletic<\/strong> se reencontr\u00f3 con la victoria en Sevilla (0-2) y se aleja de la zona peligrosa de la tabla tras superar en dos zarpazos al <strong>Real Betis<\/strong>, que sali\u00f3 con muchas ganas de acumular otro triunfo con el que acercase a la zona europea pero que not\u00f3 que desde el minuto 34 jug\u00f3 en inferioridad.<\/p>\n<p>La idea de ambos equipos fue la de irse al descanso navide\u00f1o con las buenas sensaciones que deja la victoria y m\u00e1s en un torneo como <strong>LaLiga Santander<\/strong>, en el que la clasificaci\u00f3n est\u00e1 muy apretada y un par de triunfos seguidos te saca de estar cerca del descenso a ponerte con opciones europeas.<\/p>\n<p>En este caso, el conjunto sevillano ven\u00eda de ganar en M\u00e1laga (0-2) y su t\u00e9cnico, <strong>Quique Seti\u00e9n<\/strong>, utiliz\u00f3 el mismo equipo titular que aline\u00f3 en La Rosaleda, mientras que el bilba\u00edno no sali\u00f3 con su delantero de referencia, Aritz Aduriz, y confi\u00f3 esa misi\u00f3n a I\u00f1aki Williams.<\/p>\n<p>El Athletic, que lleg\u00f3 al <strong>Benito Villamar\u00edn<\/strong> con dieciocho puntos, tres menos que el Betis y con ciertas urgencias de no verse en problemas, y m\u00e1s tras empatar en San Mam\u00e9s en el derbi ante la Real Sociedad (0-0), se vio desbordado por el rival desde el pitido inicial.<\/p>\n<p style=\"text-align: center;\"><span style=\"color: #333399;\"><a href=\"https:\/\/www.futboltotal.com.mx\/futbol-internacional\/sevilla-despide-a-eduardo-berizzo-recien-vencio-al-cancer\/2017\/12\">VER M\u00c1S:\u00a0<span class=\"item-title\">Sevilla despide a Eduardo Berizzo, quien reci\u00e9n venci\u00f3 al c\u00e1ncer<\/span><\/a><\/span><\/p>\n<p style=\"text-align: left;\">La presi\u00f3n de los verdiblancos no dej\u00f3 respirar a su adversario, que rara vez se acerc\u00f3 a las inmediaciones del meta <strong>Antonio Ad\u00e1n<\/strong>, y eso le cre\u00f3 muchos problemas a los de Jos\u00e9 \u00c1ngel Ziganga.<\/p>\n<p>En una de las recuperaciones locales, el centrocampista <strong>Fabi\u00e1n Ruiz<\/strong> estuvo cerca del 1-0 pero el portero Iago Herrer\u00edn y el palo lo impidieron.<\/p>\n<p>La formaci\u00f3n visitante se vio desbordada por momentos y todo presagiaba que el tanto b\u00e9tico no tardar\u00eda en llegar pero rebasada la media hora el Athletic ense\u00f1\u00f3 sus u\u00f1as e \u00cd\u00f1igo Lekue tambi\u00e9n tuvo una clara pero en esta ocasi\u00f3n fue el central <strong>Zou Feddal<\/strong> el que sac\u00f3 el bal\u00f3n en la l\u00ednea de gol.<\/p>\n<p>Eso fue un preludio del tanto vizca\u00edno en unos minutos en los que se hab\u00eda sacudido el dominio sevillano. Jordi Amat le dio una patada dentro del \u00e1rea a Aymeric Laporte y el \u00e1rbitro se\u00f1al\u00f3 la expulsi\u00f3n del jugador local y un penalti que transform\u00f3 <strong>Ra\u00fal Garc\u00eda<\/strong>.<\/p>\n<p style=\"text-align: center;\"><span style=\"color: #333399;\"><a href=\"https:\/\/www.futboltotal.com.mx\/futbol-internacional\/barcelona-ha-hecho-nada-ilegal-en-caso-griezmann\/2017\/12\">VER M\u00c1S:\u00a0<span class=\"item-title\">Barcelona no ha hecho nada ilegal en caso Griezmann<\/span><\/a><\/span><\/p>\n<p style=\"text-align: left;\">El 0-1 lleg\u00f3 en el minuto 36 y el Betis tuvo que luchar desde entonces contra el marcador y con la circunstancia de tener a un futbolista menos sobre el campo.<\/p>\n<p>En la segunda parte, el Betis pec\u00f3 de precipitaci\u00f3n en su intenci\u00f3n de ser el dominador del choque pese a estar en inferioridad y de ello quiso beneficiarse su rival para matar pr\u00e1cticamente el partido.<\/p>\n<p>As\u00ed, Ra\u00fal Garc\u00eda tuvo dos muy claras para el 0-2, la primera de ellas incluso con un bal\u00f3n que repeli\u00f3 el larguero, pero el equipo de <strong>Cuco Ziganda<\/strong> no estuvo claro en sus avances y ello dej\u00f3 abierto el encuentro.<\/p>\n<p><iframe loading=\"lazy\" src=\"https:\/\/www.youtube.com\/embed\/RaUnaLZAfag\" frameborder=\"0\" allowfullscreen=\"allowfullscreen\"><\/iframe><\/p>\n<p>El Betis entr\u00f3 al \u00faltimo cuarto de hora con la ilusi\u00f3n de que en algunos de sus intentos llegara el empate, mientras que el Athletic sigui\u00f3 perdonando, como en una en la que <strong>Aduriz<\/strong>, que hab\u00eda entrado por Williams, ante Ad\u00e1n, pero el visitante no estuvo listo.<\/p>\n<p>Antes esos fallos, tuvo que ser un b\u00e9tico el que le diera al rival el segundo, en el minuto 85, cuando Feddal, en su intent\u00f3 de despejar un centro de \u00d3scar de Marcos, meti\u00f3 el bal\u00f3n en su puerta y se lo dej\u00f3 claro ya a los vasco.<\/p>\n","protected":false},"excerpt":{"rendered":"<p>El cuadro sevillano cay\u00f3 y se aleja de los puestos europeos<\/p>\n","protected":false},"author":160,"featured_media":512806,"comment_status":"closed","ping_status":"closed","sticky":false,"template":"","format":"standard","meta":[],"categories":[3839,3844],"tags":[1709,1804,1913],"_links":{"self":[{"href":"http:\/\/desarrollo.grupomedios.com\/futbol\/wp-json\/wp\/v2\/posts\/512805"}],"collection":[{"href":"http:\/\/desarrollo.grupomedios.com\/futbol\/wp-json\/wp\/v2\/posts"}],"about":[{"href":"http:\/\/desarrollo.grupomedios.com\/futbol\/wp-json\/wp\/v2\/types\/post"}],"author":[{"embeddable":true,"href":"http:\/\/desarrollo.grupomedios.com\/futbol\/wp-json\/wp\/v2\/users\/160"}],"replies":[{"embeddable":true,"href":"http:\/\/desarrollo.grupomedios.com\/futbol\/wp-json\/wp\/v2\/comments?post=512805"}],"version-history":[{"count":1,"href":"http:\/\/desarrollo.grupomedios.com\/futbol\/wp-json\/wp\/v2\/posts\/512805\/revisions"}],"predecessor-version":[{"id":512807,"href":"http:\/\/desarrollo.grupomedios.com\/futbol\/wp-json\/wp\/v2\/posts\/512805\/revisions\/512807"}],"wp:featuredmedia":[{"embeddable":true,"href":"http:\/\/desarrollo.grupomedios.com\/futbol\/wp-json\/wp\/v2\/media\/512806"}],"wp:attachment":[{"href":"http:\/\/desarrollo.grupomedios.com\/futbol\/wp-json\/wp\/v2\/media?parent=512805"}],"wp:term":[{"taxonomy":"category","embeddable":true,"href":"http:\/\/desarrollo.grupomedios.com\/futbol\/wp-json\/wp\/v2\/categories?post=512805"},{"taxonomy":"post_tag","embeddable":true,"href":"http:\/\/desarrollo.grupomedios.com\/futbol\/wp-json\/wp\/v2\/tags?post=512805"}],"curies":[{"name":"wp","href":"https:\/\/api.w.org\/{rel}","templated":true}]}}