{"id":512855,"date":"2017-12-23T09:44:04","date_gmt":"2017-12-23T15:44:04","guid":{"rendered":"https:\/\/www.futboltotal.com.mx\/?p=512855"},"modified":"2017-12-23T09:44:04","modified_gmt":"2017-12-23T15:44:04","slug":"la-epica-falla-cristiano-ronaldo-en-real-madrid-barcelona","status":"publish","type":"post","link":"http:\/\/desarrollo.grupomedios.com\/futbol\/videos\/la-epica-falla-cristiano-ronaldo-en-real-madrid-barcelona\/2017\/12","title":{"rendered":"La \u00e9pica falla de Cristiano Ronaldo en el Real Madrid-Barcelona"},"content":{"rendered":"<p><strong>POR: STAFF FT<\/strong><\/p>\n<p><strong>Cristiano Ronaldo<\/strong> tuvo una de sus peores actuaciones en un cl\u00e1sico espa\u00f1ol entre <strong>Real Madrid y Barcelona<\/strong>.<\/p>\n<p>La desafortunada participaci\u00f3n del portugu\u00e9s se vio plagada de una jugada en espec\u00edfico que pudo marcar el destino de un partido que termin\u00f3 siendo una cat\u00e1strofe madridista.<\/p>\n<p>Al minuto 10 del primer tiempo, <strong>Toni Kroos<\/strong> hizo una gran jugada individual que permiti\u00f3 al portugu\u00e9s quedarse solo para sacar un disparo de izquierda que seguro hubiera ido a la porter\u00eda, al menos.<\/p>\n<p style=\"text-align: center;\"><span style=\"color: #333399;\"><a href=\"https:\/\/www.futboltotal.com.mx\/destacado-home\/real-madrid-0-barcelona-3-clasico-futbol-espanol-resumen\/2017\/12\">VER M\u00c1S:\u00a0<span class=\"item-title\">Barcelona humilla al Real Madrid y da golpe de autoridad en Espa\u00f1a<\/span><\/a><\/span><\/p>\n<p>Sin embargo, CR7 tuvo una \u00e9pica falla que dej\u00f3 sin la oportunidad al <strong>Real Madrid<\/strong> y en lo an\u00edmico afect\u00f3 de forma notable al delantero &#8220;merengue&#8221;<\/p>\n<p>Esta fue la falla monumental de <strong>Cristiano Ronaldo<\/strong>.<\/p>\n<blockquote class=\"twitter-video\" data-lang=\"es\">\n<p dir=\"ltr\" lang=\"es\">&#8220;YO SOY EL MEJOR JUGAR DEL MUNDO&#8221;<br \/>\n\u2014 Cristiano Ronaldo<\/p>\n<p><a href=\"https:\/\/twitter.com\/hashtag\/ElClasico?src=hash&amp;ref_src=twsrc%5Etfw\">#ElClasico<\/a><br \/>\n<a href=\"https:\/\/t.co\/DPw32WO80J\">pic.twitter.com\/DPw32WO80J<\/a><\/p>\n<p>\u2014 La Abuela Garcia \u00ae\u2122 (@rthur013) <a href=\"https:\/\/twitter.com\/rthur013\/status\/944549450474762240?ref_src=twsrc%5Etfw\">23 de diciembre de 2017<\/a><\/p><\/blockquote>\n<p><script async src=\"https:\/\/platform.twitter.com\/widgets.js\" charset=\"utf-8\"><\/script><\/p>\n","protected":false},"excerpt":{"rendered":"<p>El delantero portugu\u00e9s tuvo uno de sus peores partidos en un cl\u00e1sico espa\u00f1ol<\/p>\n","protected":false},"author":160,"featured_media":512856,"comment_status":"closed","ping_status":"closed","sticky":false,"template":"","format":"standard","meta":[],"categories":[5,3839,3844,4],"tags":[5984,6013,5988],"_links":{"self":[{"href":"http:\/\/desarrollo.grupomedios.com\/futbol\/wp-json\/wp\/v2\/posts\/512855"}],"collection":[{"href":"http:\/\/desarrollo.grupomedios.com\/futbol\/wp-json\/wp\/v2\/posts"}],"about":[{"href":"http:\/\/desarrollo.grupomedios.com\/futbol\/wp-json\/wp\/v2\/types\/post"}],"author":[{"embeddable":true,"href":"http:\/\/desarrollo.grupomedios.com\/futbol\/wp-json\/wp\/v2\/users\/160"}],"replies":[{"embeddable":true,"href":"http:\/\/desarrollo.grupomedios.com\/futbol\/wp-json\/wp\/v2\/comments?post=512855"}],"version-history":[{"count":1,"href":"http:\/\/desarrollo.grupomedios.com\/futbol\/wp-json\/wp\/v2\/posts\/512855\/revisions"}],"predecessor-version":[{"id":512857,"href":"http:\/\/desarrollo.grupomedios.com\/futbol\/wp-json\/wp\/v2\/posts\/512855\/revisions\/512857"}],"wp:featuredmedia":[{"embeddable":true,"href":"http:\/\/desarrollo.grupomedios.com\/futbol\/wp-json\/wp\/v2\/media\/512856"}],"wp:attachment":[{"href":"http:\/\/desarrollo.grupomedios.com\/futbol\/wp-json\/wp\/v2\/media?parent=512855"}],"wp:term":[{"taxonomy":"category","embeddable":true,"href":"http:\/\/desarrollo.grupomedios.com\/futbol\/wp-json\/wp\/v2\/categories?post=512855"},{"taxonomy":"post_tag","embeddable":true,"href":"http:\/\/desarrollo.grupomedios.com\/futbol\/wp-json\/wp\/v2\/tags?post=512855"}],"curies":[{"name":"wp","href":"https:\/\/api.w.org\/{rel}","templated":true}]}}