{"id":512870,"date":"2017-12-23T14:24:13","date_gmt":"2017-12-23T20:24:13","guid":{"rendered":"https:\/\/www.futboltotal.com.mx\/?p=512870"},"modified":"2017-12-23T17:32:47","modified_gmt":"2017-12-23T23:32:47","slug":"sevilla-quiere-a-matias-almeyda-como-su-nuevo-dt","status":"publish","type":"post","link":"http:\/\/desarrollo.grupomedios.com\/futbol\/futbol-mexicano\/sevilla-quiere-a-matias-almeyda-como-su-nuevo-dt\/2017\/12","title":{"rendered":"Sevilla quiere a Mat\u00edas Almeyda como su nuevo DT"},"content":{"rendered":"<p>POR: <strong>STAFF FT<\/strong><\/p>\n<p>El t\u00e9cnico de las <strong>Chivas<\/strong>, Mat\u00edas Almeyda, es una de las cartas m\u00e1s fuertes por las que puja la directiva del <strong>Sevilla<\/strong> para que sea su nuevo entrenador.<\/p>\n<p>El diario <em>RECORD<\/em> dio a conocer que las negociaciones entre el cuadro espa\u00f1ol y el t\u00e9cnico argentino podr\u00edan darse, de acuerdo al pasado que vivi\u00f3 como futbolista el actual estratega del <em>Reba\u00f1o Sagrado<\/em>.<\/p>\n<p><strong>Mat\u00edas Almeyda<\/strong> ha sido uno de los t\u00e9cnicos m\u00e1s reconocidos en los \u00faltimos semestres en la Liga MX, tras haber hecho campe\u00f3n a las Chivas en el <strong>Clausura 2017<\/strong>.<\/p>\n<p style=\"text-align: center;\"><span style=\"color: #333399;\"><a href=\"https:\/\/www.futboltotal.com.mx\/destacado-home\/se-termina-la-novela-oswaldo-alanis-se-queda-en-chivas\/2017\/12\">VER M\u00c1S:\u00a0<span class=\"item-title\">Se termina la novela Oswaldo Alan\u00eds; se queda en Chivas<\/span><\/a><\/span><\/p>\n<p>El Sevilla se encuentra en la quinta posici\u00f3n con 29 puntos, y se encuentra en puestos de Europa League, pero tambi\u00e9n est\u00e1 cerca de los lugares para <strong>Champions League<\/strong>.<\/p>\n<p>Este viernes, la directiva espa\u00f1ola decidi\u00f3 cesar al argentino <strong>Eduardo Berizzo<\/strong>, por los malos resultados que se registraron en las \u00faltimas jornadas para el Sevilla.<\/p>\n<p>&nbsp;<\/p>\n<p>&nbsp;<\/p>\n","protected":false},"excerpt":{"rendered":"<p>El t\u00e9cnico argentino est\u00e1 en la mira de uno de los equipos m\u00e1s importantes de Espa\u00f1a<\/p>\n","protected":false},"author":160,"featured_media":512872,"comment_status":"closed","ping_status":"closed","sticky":false,"template":"","format":"standard","meta":[],"categories":[2198,3845],"tags":[70,1420,49],"_links":{"self":[{"href":"http:\/\/desarrollo.grupomedios.com\/futbol\/wp-json\/wp\/v2\/posts\/512870"}],"collection":[{"href":"http:\/\/desarrollo.grupomedios.com\/futbol\/wp-json\/wp\/v2\/posts"}],"about":[{"href":"http:\/\/desarrollo.grupomedios.com\/futbol\/wp-json\/wp\/v2\/types\/post"}],"author":[{"embeddable":true,"href":"http:\/\/desarrollo.grupomedios.com\/futbol\/wp-json\/wp\/v2\/users\/160"}],"replies":[{"embeddable":true,"href":"http:\/\/desarrollo.grupomedios.com\/futbol\/wp-json\/wp\/v2\/comments?post=512870"}],"version-history":[{"count":2,"href":"http:\/\/desarrollo.grupomedios.com\/futbol\/wp-json\/wp\/v2\/posts\/512870\/revisions"}],"predecessor-version":[{"id":512873,"href":"http:\/\/desarrollo.grupomedios.com\/futbol\/wp-json\/wp\/v2\/posts\/512870\/revisions\/512873"}],"wp:featuredmedia":[{"embeddable":true,"href":"http:\/\/desarrollo.grupomedios.com\/futbol\/wp-json\/wp\/v2\/media\/512872"}],"wp:attachment":[{"href":"http:\/\/desarrollo.grupomedios.com\/futbol\/wp-json\/wp\/v2\/media?parent=512870"}],"wp:term":[{"taxonomy":"category","embeddable":true,"href":"http:\/\/desarrollo.grupomedios.com\/futbol\/wp-json\/wp\/v2\/categories?post=512870"},{"taxonomy":"post_tag","embeddable":true,"href":"http:\/\/desarrollo.grupomedios.com\/futbol\/wp-json\/wp\/v2\/tags?post=512870"}],"curies":[{"name":"wp","href":"https:\/\/api.w.org\/{rel}","templated":true}]}}